{"id":3495,"date":"2017-05-18T10:24:41","date_gmt":"2017-05-18T08:24:41","guid":{"rendered":"http:\/\/cppuente.educacion.navarra.es\/web\/blog\/2017\/05\/18\/los-otros-peces-del-rio\/"},"modified":"2017-05-18T10:33:32","modified_gmt":"2017-05-18T08:33:32","slug":"los-otros-peces-del-rio","status":"publish","type":"post","link":"https:\/\/cppuente.educacion.navarra.es\/web\/eu\/blog\/2017\/05\/18\/los-otros-peces-del-rio\/","title":{"rendered":"Ibaiko &#8220;beste&#8221; arrainak"},"content":{"rendered":"<h3 style=\"text-align: center;\">Maiatzaren 15ean, astelehena, gure eskolan <strong>Ibaiko &#8220;beste&#8221; arrainak<\/strong>\u00a0erakusketaren aurkezpena izan genuen.<\/h3>\n<p style=\"text-align: center;\"><a href=\"http:\/\/cppuente.educacion.navarra.es\/web\/wp-content\/uploads\/2017\/05\/unnamed-17.jpg\"><img loading=\"lazy\" class=\"alignnone size-medium wp-image-3486\" src=\"http:\/\/cppuente.educacion.navarra.es\/web\/wp-content\/uploads\/2017\/05\/unnamed-17-300x225.jpg\" alt=\"\" width=\"300\" height=\"225\" srcset=\"https:\/\/cppuente.educacion.navarra.es\/web\/wp-content\/uploads\/2017\/05\/unnamed-17-300x225.jpg 300w, https:\/\/cppuente.educacion.navarra.es\/web\/wp-content\/uploads\/2017\/05\/unnamed-17-768x576.jpg 768w, https:\/\/cppuente.educacion.navarra.es\/web\/wp-content\/uploads\/2017\/05\/unnamed-17-1024x768.jpg 1024w\" sizes=\"(max-width: 300px) 100vw, 300px\" \/><\/a> <a href=\"http:\/\/cppuente.educacion.navarra.es\/web\/wp-content\/uploads\/2017\/05\/unnamed-14.jpg\"><img loading=\"lazy\" class=\"alignnone size-medium wp-image-3480\" src=\"http:\/\/cppuente.educacion.navarra.es\/web\/wp-content\/uploads\/2017\/05\/unnamed-14-300x225.jpg\" alt=\"\" width=\"300\" height=\"225\" srcset=\"https:\/\/cppuente.educacion.navarra.es\/web\/wp-content\/uploads\/2017\/05\/unnamed-14-300x225.jpg 300w, https:\/\/cppuente.educacion.navarra.es\/web\/wp-content\/uploads\/2017\/05\/unnamed-14-768x576.jpg 768w, https:\/\/cppuente.educacion.navarra.es\/web\/wp-content\/uploads\/2017\/05\/unnamed-14-1024x768.jpg 1024w\" sizes=\"(max-width: 300px) 100vw, 300px\" \/><\/a><\/p>\n<h3 style=\"text-align: center;\"><a href=\"http:\/\/cppuente.educacion.navarra.es\/web\/wp-content\/uploads\/2017\/05\/unnamed-18.jpg\"><img loading=\"lazy\" class=\"size-medium wp-image-3488 alignleft\" src=\"http:\/\/cppuente.educacion.navarra.es\/web\/wp-content\/uploads\/2017\/05\/unnamed-18-225x300.jpg\" alt=\"\" width=\"225\" height=\"300\" srcset=\"https:\/\/cppuente.educacion.navarra.es\/web\/wp-content\/uploads\/2017\/05\/unnamed-18-225x300.jpg 225w, https:\/\/cppuente.educacion.navarra.es\/web\/wp-content\/uploads\/2017\/05\/unnamed-18-768x1024.jpg 768w\" sizes=\"(max-width: 225px) 100vw, 225px\" \/><\/a>\u00d3scar Rubiok, Ingurugiro eta Hondakin zerbitzuko arduradunak, hasiera eman zion aurkezpenari, eta Arag\u00f3n-Irurtia familiak jarraitu zuen haiek sortutako ipuina irakurriz.<br \/>\n<a href=\"http:\/\/cppuente.educacion.navarra.es\/web\/wp-content\/uploads\/2017\/05\/unnamed-9.jpg\"><img loading=\"lazy\" class=\"wp-image-3470 aligncenter\" src=\"http:\/\/cppuente.educacion.navarra.es\/web\/wp-content\/uploads\/2017\/05\/unnamed-9-300x225.jpg\" alt=\"\" width=\"259\" height=\"194\" srcset=\"https:\/\/cppuente.educacion.navarra.es\/web\/wp-content\/uploads\/2017\/05\/unnamed-9-300x225.jpg 300w, https:\/\/cppuente.educacion.navarra.es\/web\/wp-content\/uploads\/2017\/05\/unnamed-9.jpg 640w\" sizes=\"(max-width: 259px) 100vw, 259px\" \/><\/a><\/h3>\n<h3 style=\"text-align: center;\">Virginia Gonz\u00e1lezek (eskolako zuzendaria), Sabina Garc\u00edak (Izarbeibarko Mankomunitateko Lehendakaria) eta Mankomunitateko Zuzendariak ere aurkezpenean parte hartu zuten.<\/h3>\n<h3 style=\"text-align: center;\">Erakusketa bi egunez izan genuen eskolan.<\/h3>\n<h2 style=\"text-align: center;\">Benetan interesgarria da!!<\/h2>\n<p style=\"text-align: center;\">\n","protected":false},"excerpt":{"rendered":"<p>Maiatzaren 15ean, astelehena, gure eskolan Ibaiko &#8220;beste&#8221; arrainak\u00a0erakusketaren aurkezpena izan genuen. \u00d3scar Rubiok, Ingurugiro eta Hondakin zerbitzuko arduradunak, hasiera eman zion aurkezpenari, eta Arag\u00f3n-Irurtia familiak jarraitu zuen haiek sortutako ipuina irakurriz. Virginia Gonz\u00e1lezek (eskolako zuzendaria), Sabina Garc\u00edak (Izarbeibarko Mankomunitateko Lehendakaria) eta Mankomunitateko Zuzendariak ere aurkezpenean parte hartu zuten. Erakusketa bi egunez izan genuen eskolan. Benetan [&hellip;]<\/p>\n","protected":false},"author":88,"featured_media":0,"comment_status":"closed","ping_status":"open","sticky":false,"template":"","format":"standard","meta":{"_genesis_hide_title":false,"_genesis_hide_breadcrumbs":false,"_genesis_hide_singular_image":false,"_genesis_hide_footer_widgets":false,"_genesis_custom_body_class":"","_genesis_custom_post_class":"","_genesis_layout":""},"categories":[3,50],"tags":[],"featured_image_src":null,"featured_image_src_square":null,"author_info":{"display_name":"","author_link":"https:\/\/cppuente.educacion.navarra.es\/web\/eu\/blog\/author\/"},"_links":{"self":[{"href":"https:\/\/cppuente.educacion.navarra.es\/web\/eu\/wp-json\/wp\/v2\/posts\/3495"}],"collection":[{"href":"https:\/\/cppuente.educacion.navarra.es\/web\/eu\/wp-json\/wp\/v2\/posts"}],"about":[{"href":"https:\/\/cppuente.educacion.navarra.es\/web\/eu\/wp-json\/wp\/v2\/types\/post"}],"author":[{"embeddable":true,"href":"https:\/\/cppuente.educacion.navarra.es\/web\/eu\/wp-json\/wp\/v2\/users\/88"}],"replies":[{"embeddable":true,"href":"https:\/\/cppuente.educacion.navarra.es\/web\/eu\/wp-json\/wp\/v2\/comments?post=3495"}],"version-history":[{"count":2,"href":"https:\/\/cppuente.educacion.navarra.es\/web\/eu\/wp-json\/wp\/v2\/posts\/3495\/revisions"}],"predecessor-version":[{"id":3497,"href":"https:\/\/cppuente.educacion.navarra.es\/web\/eu\/wp-json\/wp\/v2\/posts\/3495\/revisions\/3497"}],"wp:attachment":[{"href":"https:\/\/cppuente.educacion.navarra.es\/web\/eu\/wp-json\/wp\/v2\/media?parent=3495"}],"wp:term":[{"taxonomy":"category","embeddable":true,"href":"https:\/\/cppuente.educacion.navarra.es\/web\/eu\/wp-json\/wp\/v2\/categories?post=3495"},{"taxonomy":"post_tag","embeddable":true,"href":"https:\/\/cppuente.educacion.navarra.es\/web\/eu\/wp-json\/wp\/v2\/tags?post=3495"}],"curies":[{"name":"wp","href":"https:\/\/api.w.org\/{rel}","templated":true}]}}