{"id":10336,"date":"2023-11-20T10:19:59","date_gmt":"2023-11-20T09:19:59","guid":{"rendered":"https:\/\/cppuente.educacion.navarra.es\/web\/?p=10336"},"modified":"2023-11-20T10:20:00","modified_gmt":"2023-11-20T09:20:00","slug":"dia-universal-de-la-infancia","status":"publish","type":"post","link":"https:\/\/cppuente.educacion.navarra.es\/web\/blog\/2023\/11\/20\/dia-universal-de-la-infancia\/","title":{"rendered":"D\u00eda Universal de la Infancia"},"content":{"rendered":"\n<p>El alumnado de religi\u00f3n de modelo A\/G\u00a0 hemos estado trabajando en la realizaci\u00f3n de un v\u00eddeo para celebrar el 20 de noviembre, D\u00eda Universal de la Infancia.\u00a0<\/p>\n\n\n\n<p>Hoy ser\u00e1 un d\u00eda para celebrar\u00a0los logros\u00a0conseguidos, pero, sobre todo, lo que queremos\u00a0es llamar la\u00a0atenci\u00f3n\u00a0sobre la situaci\u00f3n de los ni\u00f1os\u00a0y las ni\u00f1as\u00a0m\u00e1s desfavorecidos, as\u00ed como dar a conocer los derechos\u00a0de la infancia\u00a0y concienciar\u00a0a los y las mayores de la importancia\u00a0de trabajar d\u00eda\u00a0a d\u00eda\u00a0por su bienestar y desarrollo.\u00a0<\/p>\n\n\n\n<figure class=\"wp-block-embed is-type-video is-provider-youtube wp-block-embed-youtube wp-embed-aspect-16-9 wp-has-aspect-ratio\"><div class=\"wp-block-embed__wrapper\">\n<iframe loading=\"lazy\" title=\"D\u00eda Universal de la Infancia 2023 1\" width=\"500\" height=\"281\" src=\"https:\/\/www.youtube.com\/embed\/O9q6ibp4nwY?feature=oembed\" frameborder=\"0\" allow=\"accelerometer; autoplay; clipboard-write; encrypted-media; gyroscope; picture-in-picture; web-share\" allowfullscreen><\/iframe>\n<\/div><\/figure>\n","protected":false},"excerpt":{"rendered":"<p>El alumnado de religi\u00f3n de modelo A\/G\u00a0 hemos estado trabajando en la realizaci\u00f3n de un v\u00eddeo para celebrar el 20 de noviembre, D\u00eda Universal de la Infancia.\u00a0 Hoy ser\u00e1 un d\u00eda para celebrar\u00a0los logros\u00a0conseguidos, pero, sobre todo, lo que queremos\u00a0es llamar la\u00a0atenci\u00f3n\u00a0sobre la situaci\u00f3n de los ni\u00f1os\u00a0y las ni\u00f1as\u00a0m\u00e1s desfavorecidos, as\u00ed como dar a conocer [&hellip;]<\/p>\n","protected":false},"author":902,"featured_media":10342,"comment_status":"closed","ping_status":"open","sticky":false,"template":"","format":"standard","meta":{"_genesis_hide_title":false,"_genesis_hide_breadcrumbs":false,"_genesis_hide_singular_image":false,"_genesis_hide_footer_widgets":false,"_genesis_custom_body_class":"","_genesis_custom_post_class":"","_genesis_layout":""},"categories":[1],"tags":[],"featured_image_src":"https:\/\/cppuente.educacion.navarra.es\/web\/wp-content\/uploads\/2023\/11\/infancia-600x400.png","featured_image_src_square":"https:\/\/cppuente.educacion.navarra.es\/web\/wp-content\/uploads\/2023\/11\/infancia-600x600.png","author_info":{"display_name":"webadmin","author_link":"https:\/\/cppuente.educacion.navarra.es\/web\/blog\/author\/webadmin\/"},"_links":{"self":[{"href":"https:\/\/cppuente.educacion.navarra.es\/web\/wp-json\/wp\/v2\/posts\/10336"}],"collection":[{"href":"https:\/\/cppuente.educacion.navarra.es\/web\/wp-json\/wp\/v2\/posts"}],"about":[{"href":"https:\/\/cppuente.educacion.navarra.es\/web\/wp-json\/wp\/v2\/types\/post"}],"author":[{"embeddable":true,"href":"https:\/\/cppuente.educacion.navarra.es\/web\/wp-json\/wp\/v2\/users\/902"}],"replies":[{"embeddable":true,"href":"https:\/\/cppuente.educacion.navarra.es\/web\/wp-json\/wp\/v2\/comments?post=10336"}],"version-history":[{"count":1,"href":"https:\/\/cppuente.educacion.navarra.es\/web\/wp-json\/wp\/v2\/posts\/10336\/revisions"}],"predecessor-version":[{"id":10344,"href":"https:\/\/cppuente.educacion.navarra.es\/web\/wp-json\/wp\/v2\/posts\/10336\/revisions\/10344"}],"wp:featuredmedia":[{"embeddable":true,"href":"https:\/\/cppuente.educacion.navarra.es\/web\/wp-json\/wp\/v2\/media\/10342"}],"wp:attachment":[{"href":"https:\/\/cppuente.educacion.navarra.es\/web\/wp-json\/wp\/v2\/media?parent=10336"}],"wp:term":[{"taxonomy":"category","embeddable":true,"href":"https:\/\/cppuente.educacion.navarra.es\/web\/wp-json\/wp\/v2\/categories?post=10336"},{"taxonomy":"post_tag","embeddable":true,"href":"https:\/\/cppuente.educacion.navarra.es\/web\/wp-json\/wp\/v2\/tags?post=10336"}],"curies":[{"name":"wp","href":"https:\/\/api.w.org\/{rel}","templated":true}]}}