{"id":12945,"date":"2026-02-25T15:36:01","date_gmt":"2026-02-25T14:36:01","guid":{"rendered":"https:\/\/cppuente.educacion.navarra.es\/web\/?p=12945"},"modified":"2026-02-25T15:36:03","modified_gmt":"2026-02-25T14:36:03","slug":"camaras-de-seguridad-en-la-escuela","status":"publish","type":"post","link":"https:\/\/cppuente.educacion.navarra.es\/web\/blog\/2026\/02\/25\/camaras-de-seguridad-en-la-escuela\/","title":{"rendered":"C\u00c1MARAS DE SEGURIDAD EN LA ESCUELA"},"content":{"rendered":"\n<p>Desde el Ayuntamiento de Puente la Reina \/ Gares, en colaboraci\u00f3n con el<strong>&nbsp;<\/strong>Colegio P\u00fablico y la APYMA, queremos informar de una medida que se va a llevar a cabo con el fin de proteger adecuadamente las instalaciones del centro escolar.<\/p>\n\n\n\n<p>Durante el \u00faltimo a\u00f1o, el colegio ha sufrido<strong>&nbsp;<\/strong>numerosos actos de vandalismo fuera del horario lectivo, lo que ha generado da\u00f1os materiales y problemas de seguridad. A pesar de haber tomado varias medidas al respecto, estas no han sido suficientes.&nbsp;<\/p>\n\n\n\n<p>Sabemos que el patio es un espacio importante para el juego y la socializaci\u00f3n de los ni\u00f1os\/as y por eso creemos que es importante mantenerlo abierto fuera del horario escolar. Por ello, con el objetivo de proteger las instalaciones y garantizar la integridad del centro durante los periodos en los que no hay actividad escolar, se ha decidido adoptar la&nbsp; medida de colocar&nbsp;c\u00e1maras&nbsp;de seguridad en el recinto, alrededor del edificio principal.<\/p>\n\n\n\n<p>Queremos recalcar que:<\/p>\n\n\n\n<ul><li>Las&nbsp;c\u00e1maras&nbsp;\u00fanicamente estar\u00e1n operativas fuera del horario escolar.<\/li><li>Las im\u00e1genes recogidas ser\u00e1n exclusivamente propiedad del Ayuntamiento, que se encargar\u00e1 de su custodia y uso conforme a la normativa vigente en materia de protecci\u00f3n de datos.<\/li><li>El objetivo de esta medida es velar por la seguridad del centro en horario no lectivo y proteger un espacio que es de todas y todos.<\/li><\/ul>\n\n\n\n<p>Agradecemos vuestra comprensi\u00f3n y colaboraci\u00f3n. Para cualquier duda o aclaraci\u00f3n, pod\u00e9is poneros en contacto con la direcci\u00f3n del centro o con el Ayuntamiento.<\/p>\n\n\n\n<figure class=\"wp-block-image size-large\"><a href=\"https:\/\/cppuente.educacion.navarra.es\/web\/wp-content\/uploads\/2026\/02\/Screenshot_2026-02-25-15-33-02-045_com.instagram.android-edit.jpg\"><img loading=\"lazy\" width=\"934\" height=\"1024\" src=\"https:\/\/cppuente.educacion.navarra.es\/web\/wp-content\/uploads\/2026\/02\/Screenshot_2026-02-25-15-33-02-045_com.instagram.android-edit-934x1024.jpg\" alt=\"\" class=\"wp-image-12946\" srcset=\"https:\/\/cppuente.educacion.navarra.es\/web\/wp-content\/uploads\/2026\/02\/Screenshot_2026-02-25-15-33-02-045_com.instagram.android-edit-934x1024.jpg 934w, https:\/\/cppuente.educacion.navarra.es\/web\/wp-content\/uploads\/2026\/02\/Screenshot_2026-02-25-15-33-02-045_com.instagram.android-edit-274x300.jpg 274w, https:\/\/cppuente.educacion.navarra.es\/web\/wp-content\/uploads\/2026\/02\/Screenshot_2026-02-25-15-33-02-045_com.instagram.android-edit-768x842.jpg 768w, https:\/\/cppuente.educacion.navarra.es\/web\/wp-content\/uploads\/2026\/02\/Screenshot_2026-02-25-15-33-02-045_com.instagram.android-edit.jpg 1220w\" sizes=\"(max-width: 934px) 100vw, 934px\" \/><\/a><\/figure>\n","protected":false},"excerpt":{"rendered":"<p>Desde el Ayuntamiento de Puente la Reina \/ Gares, en colaboraci\u00f3n con el&nbsp;Colegio P\u00fablico y la APYMA, queremos informar de una medida que se va a llevar a cabo con el fin de proteger adecuadamente las instalaciones del centro escolar. Durante el \u00faltimo a\u00f1o, el colegio ha sufrido&nbsp;numerosos actos de vandalismo fuera del horario lectivo, [&hellip;]<\/p>\n","protected":false},"author":902,"featured_media":12946,"comment_status":"closed","ping_status":"open","sticky":false,"template":"","format":"standard","meta":{"_genesis_hide_title":false,"_genesis_hide_breadcrumbs":false,"_genesis_hide_singular_image":false,"_genesis_hide_footer_widgets":false,"_genesis_custom_body_class":"","_genesis_custom_post_class":"","_genesis_layout":""},"categories":[1],"tags":[],"featured_image_src":"https:\/\/cppuente.educacion.navarra.es\/web\/wp-content\/uploads\/2026\/02\/Screenshot_2026-02-25-15-33-02-045_com.instagram.android-edit-600x400.jpg","featured_image_src_square":"https:\/\/cppuente.educacion.navarra.es\/web\/wp-content\/uploads\/2026\/02\/Screenshot_2026-02-25-15-33-02-045_com.instagram.android-edit-600x600.jpg","author_info":{"display_name":"webadmin","author_link":"https:\/\/cppuente.educacion.navarra.es\/web\/blog\/author\/webadmin\/"},"_links":{"self":[{"href":"https:\/\/cppuente.educacion.navarra.es\/web\/wp-json\/wp\/v2\/posts\/12945"}],"collection":[{"href":"https:\/\/cppuente.educacion.navarra.es\/web\/wp-json\/wp\/v2\/posts"}],"about":[{"href":"https:\/\/cppuente.educacion.navarra.es\/web\/wp-json\/wp\/v2\/types\/post"}],"author":[{"embeddable":true,"href":"https:\/\/cppuente.educacion.navarra.es\/web\/wp-json\/wp\/v2\/users\/902"}],"replies":[{"embeddable":true,"href":"https:\/\/cppuente.educacion.navarra.es\/web\/wp-json\/wp\/v2\/comments?post=12945"}],"version-history":[{"count":1,"href":"https:\/\/cppuente.educacion.navarra.es\/web\/wp-json\/wp\/v2\/posts\/12945\/revisions"}],"predecessor-version":[{"id":12948,"href":"https:\/\/cppuente.educacion.navarra.es\/web\/wp-json\/wp\/v2\/posts\/12945\/revisions\/12948"}],"wp:featuredmedia":[{"embeddable":true,"href":"https:\/\/cppuente.educacion.navarra.es\/web\/wp-json\/wp\/v2\/media\/12946"}],"wp:attachment":[{"href":"https:\/\/cppuente.educacion.navarra.es\/web\/wp-json\/wp\/v2\/media?parent=12945"}],"wp:term":[{"taxonomy":"category","embeddable":true,"href":"https:\/\/cppuente.educacion.navarra.es\/web\/wp-json\/wp\/v2\/categories?post=12945"},{"taxonomy":"post_tag","embeddable":true,"href":"https:\/\/cppuente.educacion.navarra.es\/web\/wp-json\/wp\/v2\/tags?post=12945"}],"curies":[{"name":"wp","href":"https:\/\/api.w.org\/{rel}","templated":true}]}}