{"id":2266,"date":"2017-02-14T12:51:36","date_gmt":"2017-02-14T11:51:36","guid":{"rendered":"http:\/\/cppuente.educacion.navarra.es\/web\/blog\/2017\/02\/14\/euskara-txokoa\/"},"modified":"2017-02-14T14:45:35","modified_gmt":"2017-02-14T13:45:35","slug":"euskara-txokoa","status":"publish","type":"post","link":"https:\/\/cppuente.educacion.navarra.es\/web\/blog\/2017\/02\/14\/euskara-txokoa\/","title":{"rendered":"Euskara Txokoa"},"content":{"rendered":"<h3 style=\"text-align: center;\">Para fomentar el uso del euskera, la Comisi\u00f3n de Euskera del centro ha creado un espacio llamado\u00a0<strong>EUSKARA TXOKOA<\/strong>.<\/h3>\n<p style=\"text-align: center;\"><a href=\"http:\/\/cppuente.educacion.navarra.es\/web\/wp-content\/uploads\/2017\/02\/IMG_20170213_110734-Copy.jpg\"><img loading=\"lazy\" class=\"alignnone size-medium wp-image-2259\" src=\"http:\/\/cppuente.educacion.navarra.es\/web\/wp-content\/uploads\/2017\/02\/IMG_20170213_110734-Copy-169x300.jpg\" alt=\"\" width=\"169\" height=\"300\" srcset=\"https:\/\/cppuente.educacion.navarra.es\/web\/wp-content\/uploads\/2017\/02\/IMG_20170213_110734-Copy-169x300.jpg 169w, https:\/\/cppuente.educacion.navarra.es\/web\/wp-content\/uploads\/2017\/02\/IMG_20170213_110734-Copy.jpg 432w\" sizes=\"(max-width: 169px) 100vw, 169px\" \/><\/a> <a href=\"http:\/\/cppuente.educacion.navarra.es\/web\/wp-content\/uploads\/2017\/02\/IMG_20170213_110720-Copy.jpg\"><img loading=\"lazy\" class=\"alignnone size-medium wp-image-2257\" src=\"http:\/\/cppuente.educacion.navarra.es\/web\/wp-content\/uploads\/2017\/02\/IMG_20170213_110720-Copy-169x300.jpg\" alt=\"\" width=\"169\" height=\"300\" srcset=\"https:\/\/cppuente.educacion.navarra.es\/web\/wp-content\/uploads\/2017\/02\/IMG_20170213_110720-Copy-169x300.jpg 169w, https:\/\/cppuente.educacion.navarra.es\/web\/wp-content\/uploads\/2017\/02\/IMG_20170213_110720-Copy.jpg 432w\" sizes=\"(max-width: 169px) 100vw, 169px\" \/><\/a><\/p>\n<h3 style=\"text-align: center;\">Cada quince d\u00edas, los alumnos\/as tendr\u00e1n que superar diferentes retos, como por ejemplo, adivinanzas, <em>bertso<\/em>s&#8230;<\/h3>\n<h3 style=\"text-align: center;\">Entre las clases que mayor participaci\u00f3n tengan en los retos, se sortear\u00e1 el llevar el testigo de la Korrika.\u00a0Adem\u00e1s, a los ganadores\/as se les har\u00e1 una encuesta y se publicar\u00e1 en esta\u00a0p\u00e1gina web.<\/h3>\n<h3 style=\"text-align: center;\"><strong>\u00a1\u00a1El tercer reto ya ha comenzado!!<\/strong><\/h3>\n<p>&nbsp;<\/p>\n<p style=\"text-align: center;\"><a href=\"http:\/\/cppuente.educacion.navarra.es\/web\/wp-content\/uploads\/2017\/02\/IMG_20170213_121141-Copy.jpg\"><img loading=\"lazy\" class=\"size-medium wp-image-2261 aligncenter\" src=\"http:\/\/cppuente.educacion.navarra.es\/web\/wp-content\/uploads\/2017\/02\/IMG_20170213_121141-Copy-225x300.jpg\" alt=\"\" width=\"225\" height=\"300\" srcset=\"https:\/\/cppuente.educacion.navarra.es\/web\/wp-content\/uploads\/2017\/02\/IMG_20170213_121141-Copy-225x300.jpg 225w, https:\/\/cppuente.educacion.navarra.es\/web\/wp-content\/uploads\/2017\/02\/IMG_20170213_121141-Copy.jpg 576w\" sizes=\"(max-width: 225px) 100vw, 225px\" \/><\/a> <a href=\"http:\/\/cppuente.educacion.navarra.es\/web\/wp-content\/uploads\/2017\/02\/IMG_20170213_150453-Copy.jpg\"><img loading=\"lazy\" class=\"alignnone size-medium wp-image-2263 aligncenter\" src=\"http:\/\/cppuente.educacion.navarra.es\/web\/wp-content\/uploads\/2017\/02\/IMG_20170213_150453-Copy-300x225.jpg\" alt=\"\" width=\"300\" height=\"225\" srcset=\"https:\/\/cppuente.educacion.navarra.es\/web\/wp-content\/uploads\/2017\/02\/IMG_20170213_150453-Copy-300x225.jpg 300w, https:\/\/cppuente.educacion.navarra.es\/web\/wp-content\/uploads\/2017\/02\/IMG_20170213_150453-Copy-768x576.jpg 768w, https:\/\/cppuente.educacion.navarra.es\/web\/wp-content\/uploads\/2017\/02\/IMG_20170213_150453-Copy.jpg 1024w\" sizes=\"(max-width: 300px) 100vw, 300px\" \/><\/a><\/p>\n","protected":false},"excerpt":{"rendered":"<p>Para fomentar el uso del euskera, la Comisi\u00f3n de Euskera del centro ha creado un espacio llamado\u00a0EUSKARA TXOKOA. Cada quince d\u00edas, los alumnos\/as tendr\u00e1n que superar diferentes retos, como por ejemplo, adivinanzas, bertsos&#8230; Entre las clases que mayor participaci\u00f3n tengan en los retos, se sortear\u00e1 el llevar el testigo de la Korrika.\u00a0Adem\u00e1s, a los ganadores\/as [&hellip;]<\/p>\n","protected":false},"author":88,"featured_media":0,"comment_status":"closed","ping_status":"open","sticky":false,"template":"","format":"standard","meta":{"_genesis_hide_title":false,"_genesis_hide_breadcrumbs":false,"_genesis_hide_singular_image":false,"_genesis_hide_footer_widgets":false,"_genesis_custom_body_class":"","_genesis_custom_post_class":"","_genesis_layout":""},"categories":[39,1],"tags":[],"featured_image_src":null,"featured_image_src_square":null,"author_info":{"display_name":"","author_link":"https:\/\/cppuente.educacion.navarra.es\/web\/blog\/author\/"},"_links":{"self":[{"href":"https:\/\/cppuente.educacion.navarra.es\/web\/wp-json\/wp\/v2\/posts\/2266"}],"collection":[{"href":"https:\/\/cppuente.educacion.navarra.es\/web\/wp-json\/wp\/v2\/posts"}],"about":[{"href":"https:\/\/cppuente.educacion.navarra.es\/web\/wp-json\/wp\/v2\/types\/post"}],"author":[{"embeddable":true,"href":"https:\/\/cppuente.educacion.navarra.es\/web\/wp-json\/wp\/v2\/users\/88"}],"replies":[{"embeddable":true,"href":"https:\/\/cppuente.educacion.navarra.es\/web\/wp-json\/wp\/v2\/comments?post=2266"}],"version-history":[{"count":4,"href":"https:\/\/cppuente.educacion.navarra.es\/web\/wp-json\/wp\/v2\/posts\/2266\/revisions"}],"predecessor-version":[{"id":2271,"href":"https:\/\/cppuente.educacion.navarra.es\/web\/wp-json\/wp\/v2\/posts\/2266\/revisions\/2271"}],"wp:attachment":[{"href":"https:\/\/cppuente.educacion.navarra.es\/web\/wp-json\/wp\/v2\/media?parent=2266"}],"wp:term":[{"taxonomy":"category","embeddable":true,"href":"https:\/\/cppuente.educacion.navarra.es\/web\/wp-json\/wp\/v2\/categories?post=2266"},{"taxonomy":"post_tag","embeddable":true,"href":"https:\/\/cppuente.educacion.navarra.es\/web\/wp-json\/wp\/v2\/tags?post=2266"}],"curies":[{"name":"wp","href":"https:\/\/api.w.org\/{rel}","templated":true}]}}