{"id":3083,"date":"2017-04-03T16:36:27","date_gmt":"2017-04-03T14:36:27","guid":{"rendered":"http:\/\/cppuente.educacion.navarra.es\/web\/?p=3083\/"},"modified":"2017-04-03T16:56:51","modified_gmt":"2017-04-03T14:56:51","slug":"hemen-dago-korrika","status":"publish","type":"post","link":"https:\/\/cppuente.educacion.navarra.es\/web\/blog\/2017\/04\/03\/hemen-dago-korrika\/","title":{"rendered":"\u00a1\u00a1Ya llega la Korrika!!"},"content":{"rendered":"<h3 style=\"text-align: center;\">Ya ha llegado la Korrika a Puente la Reina-Gares, y lo hemos querido festejar en el centro.<\/h3>\n<h3 style=\"text-align: center;\"><a href=\"http:\/\/cppuente.educacion.navarra.es\/web\/wp-content\/uploads\/2017\/04\/P1050199-1024x768.jpg\"><img loading=\"lazy\" class=\"size-medium wp-image-2709 alignright\" src=\"http:\/\/cppuente.educacion.navarra.es\/web\/wp-content\/uploads\/2017\/04\/P1050199-1024x768-300x225.jpg\" alt=\"\" width=\"300\" height=\"225\" srcset=\"https:\/\/cppuente.educacion.navarra.es\/web\/wp-content\/uploads\/2017\/04\/P1050199-1024x768-300x225.jpg 300w, https:\/\/cppuente.educacion.navarra.es\/web\/wp-content\/uploads\/2017\/04\/P1050199-1024x768-768x576.jpg 768w, https:\/\/cppuente.educacion.navarra.es\/web\/wp-content\/uploads\/2017\/04\/P1050199-1024x768.jpg 1024w\" sizes=\"(max-width: 300px) 100vw, 300px\" \/><\/a>A primera hora hemos visto el <a href=\"https:\/\/youtu.be\/KKgK1Kpy-Uk\">videoclip<\/a> que grabamos entre todos los alumnos\/as de los modelos A y D.<\/h3>\n<h3 style=\"text-align: center;\">\u00a1\u00a1Qu\u00e9 bonitooo!!<\/h3>\n<h3 style=\"text-align: center;\">\u00a1Much\u00edsimas gracias a las profesoras que forman la Comisi\u00f3n de Euskera!<\/h3>\n<h3><\/h3>\n<h3 style=\"text-align: center;\"><\/h3>\n<h3 style=\"text-align: center;\">Despu\u00e9s, la APYMA nos ha preparado chocolatada y bizcochos, y &#8230;<\/h3>\n<h3 style=\"text-align: center;\">\u00a1Mirad qu\u00e9 a gusto hemos estado!<\/h3>\n<p style=\"text-align: center;\"><a href=\"http:\/\/cppuente.educacion.navarra.es\/web\/wp-content\/uploads\/2017\/04\/P1050226-Copy.jpg\"><img loading=\"lazy\" class=\"alignnone size-medium wp-image-3059\" src=\"http:\/\/cppuente.educacion.navarra.es\/web\/wp-content\/uploads\/2017\/04\/P1050226-Copy-300x225.jpg\" alt=\"\" width=\"300\" height=\"225\" srcset=\"https:\/\/cppuente.educacion.navarra.es\/web\/wp-content\/uploads\/2017\/04\/P1050226-Copy-300x225.jpg 300w, https:\/\/cppuente.educacion.navarra.es\/web\/wp-content\/uploads\/2017\/04\/P1050226-Copy-768x576.jpg 768w, https:\/\/cppuente.educacion.navarra.es\/web\/wp-content\/uploads\/2017\/04\/P1050226-Copy.jpg 1024w\" sizes=\"(max-width: 300px) 100vw, 300px\" \/><\/a> <a href=\"http:\/\/cppuente.educacion.navarra.es\/web\/wp-content\/uploads\/2017\/04\/P1050228-Copy.jpg\"><img loading=\"lazy\" class=\"alignnone size-medium wp-image-3061\" src=\"http:\/\/cppuente.educacion.navarra.es\/web\/wp-content\/uploads\/2017\/04\/P1050228-Copy-300x225.jpg\" alt=\"\" width=\"300\" height=\"225\" srcset=\"https:\/\/cppuente.educacion.navarra.es\/web\/wp-content\/uploads\/2017\/04\/P1050228-Copy-300x225.jpg 300w, https:\/\/cppuente.educacion.navarra.es\/web\/wp-content\/uploads\/2017\/04\/P1050228-Copy-768x576.jpg 768w, https:\/\/cppuente.educacion.navarra.es\/web\/wp-content\/uploads\/2017\/04\/P1050228-Copy.jpg 1024w\" sizes=\"(max-width: 300px) 100vw, 300px\" \/><\/a> <a href=\"http:\/\/cppuente.educacion.navarra.es\/web\/wp-content\/uploads\/2017\/04\/P1050219-Copy.jpg\"><img loading=\"lazy\" class=\"alignnone size-medium wp-image-3057\" src=\"http:\/\/cppuente.educacion.navarra.es\/web\/wp-content\/uploads\/2017\/04\/P1050219-Copy-300x225.jpg\" alt=\"\" width=\"300\" height=\"225\" srcset=\"https:\/\/cppuente.educacion.navarra.es\/web\/wp-content\/uploads\/2017\/04\/P1050219-Copy-300x225.jpg 300w, https:\/\/cppuente.educacion.navarra.es\/web\/wp-content\/uploads\/2017\/04\/P1050219-Copy-768x576.jpg 768w, https:\/\/cppuente.educacion.navarra.es\/web\/wp-content\/uploads\/2017\/04\/P1050219-Copy.jpg 1024w\" sizes=\"(max-width: 300px) 100vw, 300px\" \/><\/a> <a href=\"http:\/\/cppuente.educacion.navarra.es\/web\/wp-content\/uploads\/2017\/04\/P1050216-Copy.jpg\"><img loading=\"lazy\" class=\"alignnone size-medium wp-image-3055\" src=\"http:\/\/cppuente.educacion.navarra.es\/web\/wp-content\/uploads\/2017\/04\/P1050216-Copy-300x225.jpg\" alt=\"\" width=\"300\" height=\"225\" srcset=\"https:\/\/cppuente.educacion.navarra.es\/web\/wp-content\/uploads\/2017\/04\/P1050216-Copy-300x225.jpg 300w, https:\/\/cppuente.educacion.navarra.es\/web\/wp-content\/uploads\/2017\/04\/P1050216-Copy-768x576.jpg 768w, https:\/\/cppuente.educacion.navarra.es\/web\/wp-content\/uploads\/2017\/04\/P1050216-Copy.jpg 1024w\" sizes=\"(max-width: 300px) 100vw, 300px\" \/><\/a> <a href=\"http:\/\/cppuente.educacion.navarra.es\/web\/wp-content\/uploads\/2017\/04\/IMG-20170331-WA0068-Copy.jpg\"><img loading=\"lazy\" class=\"alignnone size-medium wp-image-3039\" src=\"http:\/\/cppuente.educacion.navarra.es\/web\/wp-content\/uploads\/2017\/04\/IMG-20170331-WA0068-Copy-300x168.jpg\" alt=\"\" width=\"300\" height=\"168\" srcset=\"https:\/\/cppuente.educacion.navarra.es\/web\/wp-content\/uploads\/2017\/04\/IMG-20170331-WA0068-Copy-300x168.jpg 300w, https:\/\/cppuente.educacion.navarra.es\/web\/wp-content\/uploads\/2017\/04\/IMG-20170331-WA0068-Copy-768x431.jpg 768w, https:\/\/cppuente.educacion.navarra.es\/web\/wp-content\/uploads\/2017\/04\/IMG-20170331-WA0068-Copy.jpg 1024w\" sizes=\"(max-width: 300px) 100vw, 300px\" \/><\/a><\/p>\n<h3 style=\"text-align: center;\">\u00a1\u00a1Much\u00edsimas gracias a la APYMA, tambi\u00e9n!!<\/h3>\n<p style=\"text-align: center;\"><a href=\"http:\/\/cppuente.educacion.navarra.es\/web\/wp-content\/uploads\/2017\/04\/P1050204-1024x768.jpg\"><img loading=\"lazy\" class=\"alignnone size-medium wp-image-2731\" src=\"http:\/\/cppuente.educacion.navarra.es\/web\/wp-content\/uploads\/2017\/04\/P1050204-1024x768-300x225.jpg\" alt=\"\" width=\"300\" height=\"225\" srcset=\"https:\/\/cppuente.educacion.navarra.es\/web\/wp-content\/uploads\/2017\/04\/P1050204-1024x768-300x225.jpg 300w, https:\/\/cppuente.educacion.navarra.es\/web\/wp-content\/uploads\/2017\/04\/P1050204-1024x768-768x576.jpg 768w, https:\/\/cppuente.educacion.navarra.es\/web\/wp-content\/uploads\/2017\/04\/P1050204-1024x768.jpg 1024w\" sizes=\"(max-width: 300px) 100vw, 300px\" \/><\/a> <a href=\"http:\/\/cppuente.educacion.navarra.es\/web\/wp-content\/uploads\/2017\/04\/P1050206-1024x768.jpg\"><img loading=\"lazy\" class=\"alignnone size-medium wp-image-2733\" src=\"http:\/\/cppuente.educacion.navarra.es\/web\/wp-content\/uploads\/2017\/04\/P1050206-1024x768-300x225.jpg\" alt=\"\" width=\"300\" height=\"225\" srcset=\"https:\/\/cppuente.educacion.navarra.es\/web\/wp-content\/uploads\/2017\/04\/P1050206-1024x768-300x225.jpg 300w, https:\/\/cppuente.educacion.navarra.es\/web\/wp-content\/uploads\/2017\/04\/P1050206-1024x768-768x576.jpg 768w, https:\/\/cppuente.educacion.navarra.es\/web\/wp-content\/uploads\/2017\/04\/P1050206-1024x768.jpg 1024w\" sizes=\"(max-width: 300px) 100vw, 300px\" \/><\/a><\/p>\n<h3 style=\"text-align: center;\">\u00a0Y llenos de fuerza y de ilusi\u00f3n, los alumnos\/as de Infantil hemos celebrado una Korrika Txiki en el patio del colegio&#8230;<\/h3>\n<p><a href=\"http:\/\/cppuente.educacion.navarra.es\/web\/wp-content\/uploads\/2017\/04\/IMG-20170331-WA0090.jpg\"><img loading=\"lazy\" class=\"alignnone size-medium wp-image-2766\" src=\"http:\/\/cppuente.educacion.navarra.es\/web\/wp-content\/uploads\/2017\/04\/IMG-20170331-WA0090-300x169.jpg\" alt=\"\" width=\"300\" height=\"169\" srcset=\"https:\/\/cppuente.educacion.navarra.es\/web\/wp-content\/uploads\/2017\/04\/IMG-20170331-WA0090-300x169.jpg 300w, https:\/\/cppuente.educacion.navarra.es\/web\/wp-content\/uploads\/2017\/04\/IMG-20170331-WA0090-768x432.jpg 768w, https:\/\/cppuente.educacion.navarra.es\/web\/wp-content\/uploads\/2017\/04\/IMG-20170331-WA0090-1024x576.jpg 1024w, https:\/\/cppuente.educacion.navarra.es\/web\/wp-content\/uploads\/2017\/04\/IMG-20170331-WA0090.jpg 1600w\" sizes=\"(max-width: 300px) 100vw, 300px\" \/><\/a><a href=\"http:\/\/cppuente.educacion.navarra.es\/web\/wp-content\/uploads\/2017\/04\/IMG-20170331-WA0089.jpg\"><img loading=\"lazy\" class=\"alignnone size-medium wp-image-2764\" src=\"http:\/\/cppuente.educacion.navarra.es\/web\/wp-content\/uploads\/2017\/04\/IMG-20170331-WA0089-300x169.jpg\" alt=\"\" width=\"300\" height=\"169\" srcset=\"https:\/\/cppuente.educacion.navarra.es\/web\/wp-content\/uploads\/2017\/04\/IMG-20170331-WA0089-300x169.jpg 300w, https:\/\/cppuente.educacion.navarra.es\/web\/wp-content\/uploads\/2017\/04\/IMG-20170331-WA0089-768x432.jpg 768w, https:\/\/cppuente.educacion.navarra.es\/web\/wp-content\/uploads\/2017\/04\/IMG-20170331-WA0089-1024x576.jpg 1024w, https:\/\/cppuente.educacion.navarra.es\/web\/wp-content\/uploads\/2017\/04\/IMG-20170331-WA0089.jpg 1600w\" sizes=\"(max-width: 300px) 100vw, 300px\" \/><\/a><\/p>\n<h3 style=\"text-align: center;\">&#8230;mientras que los alumnos\/as de Primaria hemos salido hacia el recorrido de la Korrika.<\/h3>\n<p style=\"text-align: center;\"><a href=\"http:\/\/cppuente.educacion.navarra.es\/web\/wp-content\/uploads\/2017\/04\/unnamed-21-Copy.jpg\"><img loading=\"lazy\" class=\"alignnone size-medium wp-image-3075\" src=\"http:\/\/cppuente.educacion.navarra.es\/web\/wp-content\/uploads\/2017\/04\/unnamed-21-Copy-300x200.jpg\" alt=\"\" width=\"300\" height=\"200\" srcset=\"https:\/\/cppuente.educacion.navarra.es\/web\/wp-content\/uploads\/2017\/04\/unnamed-21-Copy-300x200.jpg 300w, https:\/\/cppuente.educacion.navarra.es\/web\/wp-content\/uploads\/2017\/04\/unnamed-21-Copy-768x513.jpg 768w, https:\/\/cppuente.educacion.navarra.es\/web\/wp-content\/uploads\/2017\/04\/unnamed-21-Copy.jpg 1024w\" sizes=\"(max-width: 300px) 100vw, 300px\" \/><\/a> <a href=\"http:\/\/cppuente.educacion.navarra.es\/web\/wp-content\/uploads\/2017\/04\/unnamed-9-Copy.jpg\"><img loading=\"lazy\" class=\"alignnone size-medium wp-image-3067\" src=\"http:\/\/cppuente.educacion.navarra.es\/web\/wp-content\/uploads\/2017\/04\/unnamed-9-Copy-300x200.jpg\" alt=\"\" width=\"300\" height=\"200\" srcset=\"https:\/\/cppuente.educacion.navarra.es\/web\/wp-content\/uploads\/2017\/04\/unnamed-9-Copy-300x200.jpg 300w, https:\/\/cppuente.educacion.navarra.es\/web\/wp-content\/uploads\/2017\/04\/unnamed-9-Copy-768x513.jpg 768w, https:\/\/cppuente.educacion.navarra.es\/web\/wp-content\/uploads\/2017\/04\/unnamed-9-Copy.jpg 1024w\" sizes=\"(max-width: 300px) 100vw, 300px\" \/><\/a> <a href=\"http:\/\/cppuente.educacion.navarra.es\/web\/wp-content\/uploads\/2017\/04\/IMG_20170331_115604-1024x768.jpg\"><img loading=\"lazy\" class=\"alignnone size-medium wp-image-2966\" src=\"http:\/\/cppuente.educacion.navarra.es\/web\/wp-content\/uploads\/2017\/04\/IMG_20170331_115604-1024x768-300x225.jpg\" alt=\"\" width=\"300\" height=\"225\" srcset=\"https:\/\/cppuente.educacion.navarra.es\/web\/wp-content\/uploads\/2017\/04\/IMG_20170331_115604-1024x768-300x225.jpg 300w, https:\/\/cppuente.educacion.navarra.es\/web\/wp-content\/uploads\/2017\/04\/IMG_20170331_115604-1024x768-768x576.jpg 768w, https:\/\/cppuente.educacion.navarra.es\/web\/wp-content\/uploads\/2017\/04\/IMG_20170331_115604-1024x768.jpg 1024w\" sizes=\"(max-width: 300px) 100vw, 300px\" \/><\/a><a href=\"http:\/\/cppuente.educacion.navarra.es\/web\/wp-content\/uploads\/2017\/04\/IMG_20170331_114226-Copy.jpg\"><img loading=\"lazy\" class=\"alignnone size-medium wp-image-3009\" src=\"http:\/\/cppuente.educacion.navarra.es\/web\/wp-content\/uploads\/2017\/04\/IMG_20170331_114226-Copy-300x225.jpg\" alt=\"\" width=\"300\" height=\"225\" srcset=\"https:\/\/cppuente.educacion.navarra.es\/web\/wp-content\/uploads\/2017\/04\/IMG_20170331_114226-Copy-300x225.jpg 300w, https:\/\/cppuente.educacion.navarra.es\/web\/wp-content\/uploads\/2017\/04\/IMG_20170331_114226-Copy-768x576.jpg 768w, https:\/\/cppuente.educacion.navarra.es\/web\/wp-content\/uploads\/2017\/04\/IMG_20170331_114226-Copy.jpg 1024w\" sizes=\"(max-width: 300px) 100vw, 300px\" \/><\/a><a href=\"http:\/\/cppuente.educacion.navarra.es\/web\/wp-content\/uploads\/2017\/04\/IMG-20170331-WA0035-Copy.jpg\"><img loading=\"lazy\" class=\"alignnone size-medium wp-image-3037\" src=\"http:\/\/cppuente.educacion.navarra.es\/web\/wp-content\/uploads\/2017\/04\/IMG-20170331-WA0035-Copy-300x168.jpg\" alt=\"\" width=\"300\" height=\"168\" srcset=\"https:\/\/cppuente.educacion.navarra.es\/web\/wp-content\/uploads\/2017\/04\/IMG-20170331-WA0035-Copy-300x168.jpg 300w, https:\/\/cppuente.educacion.navarra.es\/web\/wp-content\/uploads\/2017\/04\/IMG-20170331-WA0035-Copy-768x431.jpg 768w, https:\/\/cppuente.educacion.navarra.es\/web\/wp-content\/uploads\/2017\/04\/IMG-20170331-WA0035-Copy.jpg 1024w\" sizes=\"(max-width: 300px) 100vw, 300px\" \/><\/a><\/p>\n<h3 style=\"text-align: center;\">\u00a1\u00a1As\u00ed estaba nuestro puente!!<\/h3>\n<p><a href=\"http:\/\/cppuente.educacion.navarra.es\/web\/wp-content\/uploads\/2017\/04\/bildu1421_44509307.jpg\"><img loading=\"lazy\" class=\"size-medium wp-image-2770 aligncenter\" src=\"http:\/\/cppuente.educacion.navarra.es\/web\/wp-content\/uploads\/2017\/04\/bildu1421_44509307-300x200.jpg\" alt=\"\" width=\"300\" height=\"200\" srcset=\"https:\/\/cppuente.educacion.navarra.es\/web\/wp-content\/uploads\/2017\/04\/bildu1421_44509307-300x200.jpg 300w, https:\/\/cppuente.educacion.navarra.es\/web\/wp-content\/uploads\/2017\/04\/bildu1421_44509307.jpg 700w\" sizes=\"(max-width: 300px) 100vw, 300px\" \/><\/a><\/p>\n<h3 style=\"text-align: center;\">Hemos recibido visita de la tele tambi\u00e9n&#8230;<\/h3>\n<p style=\"text-align: center;\"><a href=\"http:\/\/cppuente.educacion.navarra.es\/web\/wp-content\/uploads\/2017\/04\/IMG_20170331_114628-1024x768.jpg\"><img loading=\"lazy\" class=\"size-medium wp-image-2954 aligncenter\" src=\"http:\/\/cppuente.educacion.navarra.es\/web\/wp-content\/uploads\/2017\/04\/IMG_20170331_114628-1024x768-300x225.jpg\" alt=\"\" width=\"300\" height=\"225\" srcset=\"https:\/\/cppuente.educacion.navarra.es\/web\/wp-content\/uploads\/2017\/04\/IMG_20170331_114628-1024x768-300x225.jpg 300w, https:\/\/cppuente.educacion.navarra.es\/web\/wp-content\/uploads\/2017\/04\/IMG_20170331_114628-1024x768-768x576.jpg 768w, https:\/\/cppuente.educacion.navarra.es\/web\/wp-content\/uploads\/2017\/04\/IMG_20170331_114628-1024x768.jpg 1024w\" sizes=\"(max-width: 300px) 100vw, 300px\" \/><\/a><\/p>\n<h3 style=\"text-align: center;\"><a href=\"http:\/\/korrika.hamaika.eus\/tb\/bideo\/81165\">Ver v\u00eddeo<\/a><\/h3>\n<h3 style=\"text-align: center;\">Y estando todos\/as preparados y los alumnos que tienen \u00a0que llevar el testigo tambi\u00e9n&#8230;I<\/h3>\n<h3 style=\"text-align: center;\"><strong>\u00a1\u00a1HA LLEGADO LA KORRIKA A PUENTE!!<\/strong><\/h3>\n<p><a href=\"http:\/\/cppuente.educacion.navarra.es\/web\/wp-content\/uploads\/2017\/04\/IMG_20170331_114419-Copy.jpg\"><img loading=\"lazy\" class=\"alignnone size-medium wp-image-3011\" src=\"http:\/\/cppuente.educacion.navarra.es\/web\/wp-content\/uploads\/2017\/04\/IMG_20170331_114419-Copy-300x225.jpg\" alt=\"\" width=\"300\" height=\"225\" srcset=\"https:\/\/cppuente.educacion.navarra.es\/web\/wp-content\/uploads\/2017\/04\/IMG_20170331_114419-Copy-300x225.jpg 300w, https:\/\/cppuente.educacion.navarra.es\/web\/wp-content\/uploads\/2017\/04\/IMG_20170331_114419-Copy-768x576.jpg 768w, https:\/\/cppuente.educacion.navarra.es\/web\/wp-content\/uploads\/2017\/04\/IMG_20170331_114419-Copy.jpg 1024w\" sizes=\"(max-width: 300px) 100vw, 300px\" \/><\/a> <a href=\"http:\/\/cppuente.educacion.navarra.es\/web\/wp-content\/uploads\/2017\/04\/unnamed-13-Copy.jpg\"><img loading=\"lazy\" class=\"alignnone size-medium wp-image-3071\" src=\"http:\/\/cppuente.educacion.navarra.es\/web\/wp-content\/uploads\/2017\/04\/unnamed-13-Copy-300x187.jpg\" alt=\"\" width=\"300\" height=\"187\" srcset=\"https:\/\/cppuente.educacion.navarra.es\/web\/wp-content\/uploads\/2017\/04\/unnamed-13-Copy-300x187.jpg 300w, https:\/\/cppuente.educacion.navarra.es\/web\/wp-content\/uploads\/2017\/04\/unnamed-13-Copy-768x479.jpg 768w, https:\/\/cppuente.educacion.navarra.es\/web\/wp-content\/uploads\/2017\/04\/unnamed-13-Copy.jpg 1024w\" sizes=\"(max-width: 300px) 100vw, 300px\" \/><\/a> <a href=\"http:\/\/cppuente.educacion.navarra.es\/web\/wp-content\/uploads\/2017\/04\/unnamed-15-Copy.jpg\"><img loading=\"lazy\" class=\"size-medium wp-image-3073 aligncenter\" src=\"http:\/\/cppuente.educacion.navarra.es\/web\/wp-content\/uploads\/2017\/04\/unnamed-15-Copy-220x300.jpg\" alt=\"\" width=\"220\" height=\"300\" srcset=\"https:\/\/cppuente.educacion.navarra.es\/web\/wp-content\/uploads\/2017\/04\/unnamed-15-Copy-220x300.jpg 220w, https:\/\/cppuente.educacion.navarra.es\/web\/wp-content\/uploads\/2017\/04\/unnamed-15-Copy.jpg 564w\" sizes=\"(max-width: 220px) 100vw, 220px\" \/><\/a> <a href=\"http:\/\/cppuente.educacion.navarra.es\/web\/wp-content\/uploads\/2017\/04\/unnamed-31-Copy.jpg\"><img loading=\"lazy\" class=\"size-medium wp-image-3079 aligncenter\" src=\"http:\/\/cppuente.educacion.navarra.es\/web\/wp-content\/uploads\/2017\/04\/unnamed-31-Copy-300x219.jpg\" alt=\"\" width=\"300\" height=\"219\" srcset=\"https:\/\/cppuente.educacion.navarra.es\/web\/wp-content\/uploads\/2017\/04\/unnamed-31-Copy-300x219.jpg 300w, https:\/\/cppuente.educacion.navarra.es\/web\/wp-content\/uploads\/2017\/04\/unnamed-31-Copy-768x560.jpg 768w, https:\/\/cppuente.educacion.navarra.es\/web\/wp-content\/uploads\/2017\/04\/unnamed-31-Copy.jpg 1024w\" sizes=\"(max-width: 300px) 100vw, 300px\" \/><\/a><\/p>\n<h3 style=\"text-align: center;\"><a href=\"https:\/\/youtu.be\/D_c3yv2rW9w\">Ver v\u00eddeo<\/a><\/h3>\n<p style=\"text-align: center;\"><a href=\"http:\/\/cppuente.educacion.navarra.es\/web\/wp-content\/uploads\/2017\/04\/unnamed-35-Copy.jpg\"><img loading=\"lazy\" class=\"alignnone size-medium wp-image-3081\" src=\"http:\/\/cppuente.educacion.navarra.es\/web\/wp-content\/uploads\/2017\/04\/unnamed-35-Copy-300x194.jpg\" alt=\"\" width=\"300\" height=\"194\" srcset=\"https:\/\/cppuente.educacion.navarra.es\/web\/wp-content\/uploads\/2017\/04\/unnamed-35-Copy-300x194.jpg 300w, https:\/\/cppuente.educacion.navarra.es\/web\/wp-content\/uploads\/2017\/04\/unnamed-35-Copy-768x497.jpg 768w, https:\/\/cppuente.educacion.navarra.es\/web\/wp-content\/uploads\/2017\/04\/unnamed-35-Copy.jpg 1024w\" sizes=\"(max-width: 300px) 100vw, 300px\" \/><\/a><\/p>\n<h3 style=\"text-align: center;\">Desde Puente la Reina-Gares, la <a href=\"https:\/\/www.youtube.com\/watch?v=240szKOEcCA\">Korrika en directo<\/a>.<\/h3>\n","protected":false},"excerpt":{"rendered":"<p>Ya ha llegado la Korrika a Puente la Reina-Gares, y lo hemos querido festejar en el centro. A primera hora hemos visto el videoclip que grabamos entre todos los alumnos\/as de los modelos A y D. \u00a1\u00a1Qu\u00e9 bonitooo!! \u00a1Much\u00edsimas gracias a las profesoras que forman la Comisi\u00f3n de Euskera! Despu\u00e9s, la APYMA nos ha preparado [&hellip;]<\/p>\n","protected":false},"author":88,"featured_media":0,"comment_status":"closed","ping_status":"open","sticky":false,"template":"","format":"standard","meta":{"_genesis_hide_title":false,"_genesis_hide_breadcrumbs":false,"_genesis_hide_singular_image":false,"_genesis_hide_footer_widgets":false,"_genesis_custom_body_class":"","_genesis_custom_post_class":"","_genesis_layout":""},"categories":[39,1],"tags":[],"featured_image_src":null,"featured_image_src_square":null,"author_info":{"display_name":"","author_link":"https:\/\/cppuente.educacion.navarra.es\/web\/blog\/author\/"},"_links":{"self":[{"href":"https:\/\/cppuente.educacion.navarra.es\/web\/wp-json\/wp\/v2\/posts\/3083"}],"collection":[{"href":"https:\/\/cppuente.educacion.navarra.es\/web\/wp-json\/wp\/v2\/posts"}],"about":[{"href":"https:\/\/cppuente.educacion.navarra.es\/web\/wp-json\/wp\/v2\/types\/post"}],"author":[{"embeddable":true,"href":"https:\/\/cppuente.educacion.navarra.es\/web\/wp-json\/wp\/v2\/users\/88"}],"replies":[{"embeddable":true,"href":"https:\/\/cppuente.educacion.navarra.es\/web\/wp-json\/wp\/v2\/comments?post=3083"}],"version-history":[{"count":4,"href":"https:\/\/cppuente.educacion.navarra.es\/web\/wp-json\/wp\/v2\/posts\/3083\/revisions"}],"predecessor-version":[{"id":3088,"href":"https:\/\/cppuente.educacion.navarra.es\/web\/wp-json\/wp\/v2\/posts\/3083\/revisions\/3088"}],"wp:attachment":[{"href":"https:\/\/cppuente.educacion.navarra.es\/web\/wp-json\/wp\/v2\/media?parent=3083"}],"wp:term":[{"taxonomy":"category","embeddable":true,"href":"https:\/\/cppuente.educacion.navarra.es\/web\/wp-json\/wp\/v2\/categories?post=3083"},{"taxonomy":"post_tag","embeddable":true,"href":"https:\/\/cppuente.educacion.navarra.es\/web\/wp-json\/wp\/v2\/tags?post=3083"}],"curies":[{"name":"wp","href":"https:\/\/api.w.org\/{rel}","templated":true}]}}