{"id":3453,"date":"2017-05-18T10:24:41","date_gmt":"2017-05-18T08:24:41","guid":{"rendered":"http:\/\/cppuente.educacion.navarra.es\/web\/?p=3453\/"},"modified":"2017-05-18T10:35:01","modified_gmt":"2017-05-18T08:35:01","slug":"los-otros-peces-del-rio","status":"publish","type":"post","link":"https:\/\/cppuente.educacion.navarra.es\/web\/blog\/2017\/05\/18\/los-otros-peces-del-rio\/","title":{"rendered":"Los \u00abotros\u00bb peces del r\u00edo"},"content":{"rendered":"<h3 style=\"text-align: center;\">El 15 de mayo, lunes, tuvimos la suerte de vivir la presentaci\u00f3n de la exposici\u00f3n <strong>Los \u00abotros\u00bb peces del r\u00edo\u00a0<\/strong>en nuestro centro.<\/h3>\n<p style=\"text-align: center;\"><a href=\"http:\/\/cppuente.educacion.navarra.es\/web\/wp-content\/uploads\/2017\/05\/unnamed-17.jpg\"><img loading=\"lazy\" class=\"alignnone size-medium wp-image-3486\" src=\"http:\/\/cppuente.educacion.navarra.es\/web\/wp-content\/uploads\/2017\/05\/unnamed-17-300x225.jpg\" alt=\"\" width=\"300\" height=\"225\" srcset=\"https:\/\/cppuente.educacion.navarra.es\/web\/wp-content\/uploads\/2017\/05\/unnamed-17-300x225.jpg 300w, https:\/\/cppuente.educacion.navarra.es\/web\/wp-content\/uploads\/2017\/05\/unnamed-17-768x576.jpg 768w, https:\/\/cppuente.educacion.navarra.es\/web\/wp-content\/uploads\/2017\/05\/unnamed-17-1024x768.jpg 1024w\" sizes=\"(max-width: 300px) 100vw, 300px\" \/><\/a> <a href=\"http:\/\/cppuente.educacion.navarra.es\/web\/wp-content\/uploads\/2017\/05\/unnamed-14.jpg\"><img loading=\"lazy\" class=\"alignnone size-medium wp-image-3480\" src=\"http:\/\/cppuente.educacion.navarra.es\/web\/wp-content\/uploads\/2017\/05\/unnamed-14-300x225.jpg\" alt=\"\" width=\"300\" height=\"225\" srcset=\"https:\/\/cppuente.educacion.navarra.es\/web\/wp-content\/uploads\/2017\/05\/unnamed-14-300x225.jpg 300w, https:\/\/cppuente.educacion.navarra.es\/web\/wp-content\/uploads\/2017\/05\/unnamed-14-768x576.jpg 768w, https:\/\/cppuente.educacion.navarra.es\/web\/wp-content\/uploads\/2017\/05\/unnamed-14-1024x768.jpg 1024w\" sizes=\"(max-width: 300px) 100vw, 300px\" \/><\/a><\/p>\n<h3 style=\"text-align: center;\"><a href=\"http:\/\/cppuente.educacion.navarra.es\/web\/wp-content\/uploads\/2017\/05\/unnamed-18.jpg\"><img loading=\"lazy\" class=\"size-medium wp-image-3488 alignleft\" src=\"http:\/\/cppuente.educacion.navarra.es\/web\/wp-content\/uploads\/2017\/05\/unnamed-18-225x300.jpg\" alt=\"\" width=\"225\" height=\"300\" srcset=\"https:\/\/cppuente.educacion.navarra.es\/web\/wp-content\/uploads\/2017\/05\/unnamed-18-225x300.jpg 225w, https:\/\/cppuente.educacion.navarra.es\/web\/wp-content\/uploads\/2017\/05\/unnamed-18-768x1024.jpg 768w\" sizes=\"(max-width: 225px) 100vw, 225px\" \/><\/a>Comenz\u00f3 la presentaci\u00f3n \u00d3scar Rubio, responsable del Servicio de Residuos y Medio ambiente , y continu\u00f3 la familia Arag\u00f3n-Irurtia con un cuento que elaboraron en familia.<br \/>\n<a href=\"http:\/\/cppuente.educacion.navarra.es\/web\/wp-content\/uploads\/2017\/05\/unnamed-9.jpg\"><img loading=\"lazy\" class=\"wp-image-3470 aligncenter\" src=\"http:\/\/cppuente.educacion.navarra.es\/web\/wp-content\/uploads\/2017\/05\/unnamed-9-300x225.jpg\" alt=\"\" width=\"259\" height=\"194\" srcset=\"https:\/\/cppuente.educacion.navarra.es\/web\/wp-content\/uploads\/2017\/05\/unnamed-9-300x225.jpg 300w, https:\/\/cppuente.educacion.navarra.es\/web\/wp-content\/uploads\/2017\/05\/unnamed-9.jpg 640w\" sizes=\"(max-width: 259px) 100vw, 259px\" \/><\/a><\/h3>\n<h3 style=\"text-align: center;\">Virginia Gonz\u00e1lez (Directora del Centro), Sabina Garc\u00eda\u00a0(Presidenta de la Mancomunidad de Valdizarbe) y <span style=\"color: #ff0000;\"><span style=\"color: #000000;\">la<\/span>\u00a0<\/span>Directora general de Medio ambiente tambi\u00e9n dijeron unas palabras.<\/h3>\n<h3 style=\"text-align: center;\">La exposici\u00f3n ha estado\u00a0en nuestra escuela un par de d\u00edas.<\/h3>\n<h2 style=\"text-align: center;\">\u00a1\u00a1Es realmente interesante!!<\/h2>\n<p style=\"text-align: center;\">\n","protected":false},"excerpt":{"rendered":"<p>El 15 de mayo, lunes, tuvimos la suerte de vivir la presentaci\u00f3n de la exposici\u00f3n Los \u00abotros\u00bb peces del r\u00edo\u00a0en nuestro centro. Comenz\u00f3 la presentaci\u00f3n \u00d3scar Rubio, responsable del Servicio de Residuos y Medio ambiente , y continu\u00f3 la familia Arag\u00f3n-Irurtia con un cuento que elaboraron en familia. Virginia Gonz\u00e1lez (Directora del Centro), Sabina Garc\u00eda\u00a0(Presidenta [&hellip;]<\/p>\n","protected":false},"author":88,"featured_media":0,"comment_status":"closed","ping_status":"open","sticky":false,"template":"","format":"standard","meta":{"_genesis_hide_title":false,"_genesis_hide_breadcrumbs":false,"_genesis_hide_singular_image":false,"_genesis_hide_footer_widgets":false,"_genesis_custom_body_class":"","_genesis_custom_post_class":"","_genesis_layout":""},"categories":[1],"tags":[],"featured_image_src":null,"featured_image_src_square":null,"author_info":{"display_name":"","author_link":"https:\/\/cppuente.educacion.navarra.es\/web\/blog\/author\/"},"_links":{"self":[{"href":"https:\/\/cppuente.educacion.navarra.es\/web\/wp-json\/wp\/v2\/posts\/3453"}],"collection":[{"href":"https:\/\/cppuente.educacion.navarra.es\/web\/wp-json\/wp\/v2\/posts"}],"about":[{"href":"https:\/\/cppuente.educacion.navarra.es\/web\/wp-json\/wp\/v2\/types\/post"}],"author":[{"embeddable":true,"href":"https:\/\/cppuente.educacion.navarra.es\/web\/wp-json\/wp\/v2\/users\/88"}],"replies":[{"embeddable":true,"href":"https:\/\/cppuente.educacion.navarra.es\/web\/wp-json\/wp\/v2\/comments?post=3453"}],"version-history":[{"count":4,"href":"https:\/\/cppuente.educacion.navarra.es\/web\/wp-json\/wp\/v2\/posts\/3453\/revisions"}],"predecessor-version":[{"id":3499,"href":"https:\/\/cppuente.educacion.navarra.es\/web\/wp-json\/wp\/v2\/posts\/3453\/revisions\/3499"}],"wp:attachment":[{"href":"https:\/\/cppuente.educacion.navarra.es\/web\/wp-json\/wp\/v2\/media?parent=3453"}],"wp:term":[{"taxonomy":"category","embeddable":true,"href":"https:\/\/cppuente.educacion.navarra.es\/web\/wp-json\/wp\/v2\/categories?post=3453"},{"taxonomy":"post_tag","embeddable":true,"href":"https:\/\/cppuente.educacion.navarra.es\/web\/wp-json\/wp\/v2\/tags?post=3453"}],"curies":[{"name":"wp","href":"https:\/\/api.w.org\/{rel}","templated":true}]}}