{"id":5866,"date":"2018-12-05T09:29:02","date_gmt":"2018-12-05T08:29:02","guid":{"rendered":"https:\/\/cppuente.educacion.navarra.es\/web\/?p=5866"},"modified":"2018-12-13T10:20:24","modified_gmt":"2018-12-13T09:20:24","slug":"visita-al-trujal-de-lanciego","status":"publish","type":"post","link":"https:\/\/cppuente.educacion.navarra.es\/web\/blog\/2018\/12\/05\/visita-al-trujal-de-lanciego\/","title":{"rendered":"Visita al trujal de Lanciego"},"content":{"rendered":"<h3 style=\"text-align: center;\">El alumnado de 2\u00ba ciclo del modelo D, hemos realizado una salida al trujal de Lanciego.<\/h3>\n<h3 style=\"text-align: center;\">Primero hemos visto con se hace el aceite y a continuaci\u00f3n hemos el lagar del ayuntamiento y la bodega.<\/h3>\n<h3 style=\"text-align: center;\">Hemos visitado tambi\u00e9n el lagar de Erroiz y pasamos por la casa del m\u00fasico Aitor.<\/h3>\n<p>&nbsp;<\/p>\n<h3 style=\"text-align: center;\">\u00a1\u00a1Lo hemos pasado muy bien!!<\/h3>\n<p>&nbsp;<\/p>\n<p><a href=\"https:\/\/photos.app.goo.gl\/wCtNj1aD3XXMq3iE9\" target=\"_blank\" rel=\"noopener\"><img loading=\"lazy\" class=\"aligncenter wp-image-5867\" src=\"https:\/\/cppuente.educacion.navarra.es\/web\/wp-content\/uploads\/2018\/12\/IMG_20181205_141359_opt.jpg\" alt=\"\" width=\"472\" height=\"354\" srcset=\"https:\/\/cppuente.educacion.navarra.es\/web\/wp-content\/uploads\/2018\/12\/IMG_20181205_141359_opt.jpg 400w, https:\/\/cppuente.educacion.navarra.es\/web\/wp-content\/uploads\/2018\/12\/IMG_20181205_141359_opt-300x225.jpg 300w\" sizes=\"(max-width: 472px) 100vw, 472px\" \/><\/a><\/p>\n<p>&nbsp;<\/p>\n","protected":false},"excerpt":{"rendered":"<p>El alumnado de 2\u00ba ciclo del modelo D, hemos realizado una salida al trujal de Lanciego. Primero hemos visto con se hace el aceite y a continuaci\u00f3n hemos el lagar del ayuntamiento y la bodega. Hemos visitado tambi\u00e9n el lagar de Erroiz y pasamos por la casa del m\u00fasico Aitor. &nbsp; \u00a1\u00a1Lo hemos pasado muy [&hellip;]<\/p>\n","protected":false},"author":862,"featured_media":0,"comment_status":"closed","ping_status":"open","sticky":false,"template":"","format":"standard","meta":{"_genesis_hide_title":false,"_genesis_hide_breadcrumbs":false,"_genesis_hide_singular_image":false,"_genesis_hide_footer_widgets":false,"_genesis_custom_body_class":"","_genesis_custom_post_class":"","_genesis_layout":""},"categories":[39,60,1],"tags":[],"featured_image_src":null,"featured_image_src_square":null,"author_info":{"display_name":"Escuela Gares","author_link":"https:\/\/cppuente.educacion.navarra.es\/web\/blog\/author\/ixone_archanco-leoz-2\/"},"_links":{"self":[{"href":"https:\/\/cppuente.educacion.navarra.es\/web\/wp-json\/wp\/v2\/posts\/5866"}],"collection":[{"href":"https:\/\/cppuente.educacion.navarra.es\/web\/wp-json\/wp\/v2\/posts"}],"about":[{"href":"https:\/\/cppuente.educacion.navarra.es\/web\/wp-json\/wp\/v2\/types\/post"}],"author":[{"embeddable":true,"href":"https:\/\/cppuente.educacion.navarra.es\/web\/wp-json\/wp\/v2\/users\/862"}],"replies":[{"embeddable":true,"href":"https:\/\/cppuente.educacion.navarra.es\/web\/wp-json\/wp\/v2\/comments?post=5866"}],"version-history":[{"count":2,"href":"https:\/\/cppuente.educacion.navarra.es\/web\/wp-json\/wp\/v2\/posts\/5866\/revisions"}],"predecessor-version":[{"id":5873,"href":"https:\/\/cppuente.educacion.navarra.es\/web\/wp-json\/wp\/v2\/posts\/5866\/revisions\/5873"}],"wp:attachment":[{"href":"https:\/\/cppuente.educacion.navarra.es\/web\/wp-json\/wp\/v2\/media?parent=5866"}],"wp:term":[{"taxonomy":"category","embeddable":true,"href":"https:\/\/cppuente.educacion.navarra.es\/web\/wp-json\/wp\/v2\/categories?post=5866"},{"taxonomy":"post_tag","embeddable":true,"href":"https:\/\/cppuente.educacion.navarra.es\/web\/wp-json\/wp\/v2\/tags?post=5866"}],"curies":[{"name":"wp","href":"https:\/\/api.w.org\/{rel}","templated":true}]}}