{"id":6732,"date":"2019-12-13T10:43:34","date_gmt":"2019-12-13T09:43:34","guid":{"rendered":"https:\/\/cppuente.educacion.navarra.es\/web\/?p=6732"},"modified":"2019-12-13T10:43:36","modified_gmt":"2019-12-13T09:43:36","slug":"maribel-aiertza-en-nuestro-cole","status":"publish","type":"post","link":"https:\/\/cppuente.educacion.navarra.es\/web\/blog\/2019\/12\/13\/maribel-aiertza-en-nuestro-cole\/","title":{"rendered":"Maribel Aiertza en nuestro cole"},"content":{"rendered":"\n<p>La semana pasada vino al cole la escritora Maribel Aiertza. Estuvo con el alumnado de 3\u00ba de educaci\u00f3n primaria del modelo D. Hablaron sobre el libro que hab\u00edan le\u00eddo \u201cMunstro bat edukiontzia\u201d y sobre c\u00f3mo se inventaba las historias, como se le ocurr\u00edan las ideas, cual es el proceso de escribir un libro etc. Al final de la sesi\u00f3n, el alumnado pudo llevarse el libro firmado. <\/p>\n\n\n\n<figure class=\"wp-block-gallery columns-3 is-cropped\"><ul class=\"blocks-gallery-grid\"><li class=\"blocks-gallery-item\"><figure><a href=\"https:\/\/cppuente.educacion.navarra.es\/web\/wp-content\/uploads\/2019\/12\/FormatFactoryIMG-20191213-WA0001.jpg\"><img loading=\"lazy\" width=\"1024\" height=\"768\" src=\"https:\/\/cppuente.educacion.navarra.es\/web\/wp-content\/uploads\/2019\/12\/FormatFactoryIMG-20191213-WA0001.jpg\" alt=\"\" data-id=\"6735\" data-full-url=\"https:\/\/cppuente.educacion.navarra.es\/web\/wp-content\/uploads\/2019\/12\/FormatFactoryIMG-20191213-WA0001.jpg\" data-link=\"https:\/\/cppuente.educacion.navarra.es\/web\/?attachment_id=6735\" class=\"wp-image-6735\" srcset=\"https:\/\/cppuente.educacion.navarra.es\/web\/wp-content\/uploads\/2019\/12\/FormatFactoryIMG-20191213-WA0001.jpg 1024w, https:\/\/cppuente.educacion.navarra.es\/web\/wp-content\/uploads\/2019\/12\/FormatFactoryIMG-20191213-WA0001-300x225.jpg 300w, https:\/\/cppuente.educacion.navarra.es\/web\/wp-content\/uploads\/2019\/12\/FormatFactoryIMG-20191213-WA0001-768x576.jpg 768w\" sizes=\"(max-width: 1024px) 100vw, 1024px\" \/><\/a><\/figure><\/li><li class=\"blocks-gallery-item\"><figure><a href=\"https:\/\/cppuente.educacion.navarra.es\/web\/wp-content\/uploads\/2019\/12\/FormatFactoryIMG-20191213-WA0002.jpg\"><img loading=\"lazy\" width=\"1024\" height=\"768\" src=\"https:\/\/cppuente.educacion.navarra.es\/web\/wp-content\/uploads\/2019\/12\/FormatFactoryIMG-20191213-WA0002.jpg\" alt=\"\" data-id=\"6737\" data-full-url=\"https:\/\/cppuente.educacion.navarra.es\/web\/wp-content\/uploads\/2019\/12\/FormatFactoryIMG-20191213-WA0002.jpg\" data-link=\"https:\/\/cppuente.educacion.navarra.es\/web\/?attachment_id=6737\" class=\"wp-image-6737\" srcset=\"https:\/\/cppuente.educacion.navarra.es\/web\/wp-content\/uploads\/2019\/12\/FormatFactoryIMG-20191213-WA0002.jpg 1024w, https:\/\/cppuente.educacion.navarra.es\/web\/wp-content\/uploads\/2019\/12\/FormatFactoryIMG-20191213-WA0002-300x225.jpg 300w, https:\/\/cppuente.educacion.navarra.es\/web\/wp-content\/uploads\/2019\/12\/FormatFactoryIMG-20191213-WA0002-768x576.jpg 768w\" sizes=\"(max-width: 1024px) 100vw, 1024px\" \/><\/a><\/figure><\/li><li class=\"blocks-gallery-item\"><figure><a href=\"https:\/\/cppuente.educacion.navarra.es\/web\/wp-content\/uploads\/2019\/12\/FormatFactoryIMG-20191213-WA0004.jpg\"><img loading=\"lazy\" width=\"1024\" height=\"768\" src=\"https:\/\/cppuente.educacion.navarra.es\/web\/wp-content\/uploads\/2019\/12\/FormatFactoryIMG-20191213-WA0004.jpg\" alt=\"\" data-id=\"6741\" data-full-url=\"https:\/\/cppuente.educacion.navarra.es\/web\/wp-content\/uploads\/2019\/12\/FormatFactoryIMG-20191213-WA0004.jpg\" data-link=\"https:\/\/cppuente.educacion.navarra.es\/web\/?attachment_id=6741\" class=\"wp-image-6741\" srcset=\"https:\/\/cppuente.educacion.navarra.es\/web\/wp-content\/uploads\/2019\/12\/FormatFactoryIMG-20191213-WA0004.jpg 1024w, https:\/\/cppuente.educacion.navarra.es\/web\/wp-content\/uploads\/2019\/12\/FormatFactoryIMG-20191213-WA0004-300x225.jpg 300w, https:\/\/cppuente.educacion.navarra.es\/web\/wp-content\/uploads\/2019\/12\/FormatFactoryIMG-20191213-WA0004-768x576.jpg 768w\" sizes=\"(max-width: 1024px) 100vw, 1024px\" \/><\/a><\/figure><\/li><li class=\"blocks-gallery-item\"><figure><a href=\"https:\/\/cppuente.educacion.navarra.es\/web\/wp-content\/uploads\/2019\/12\/FormatFactoryIMG-20191213-WA0000.jpg\"><img loading=\"lazy\" width=\"1024\" height=\"768\" src=\"https:\/\/cppuente.educacion.navarra.es\/web\/wp-content\/uploads\/2019\/12\/FormatFactoryIMG-20191213-WA0000.jpg\" alt=\"\" data-id=\"6733\" data-full-url=\"https:\/\/cppuente.educacion.navarra.es\/web\/wp-content\/uploads\/2019\/12\/FormatFactoryIMG-20191213-WA0000.jpg\" data-link=\"https:\/\/cppuente.educacion.navarra.es\/web\/?attachment_id=6733\" class=\"wp-image-6733\" srcset=\"https:\/\/cppuente.educacion.navarra.es\/web\/wp-content\/uploads\/2019\/12\/FormatFactoryIMG-20191213-WA0000.jpg 1024w, https:\/\/cppuente.educacion.navarra.es\/web\/wp-content\/uploads\/2019\/12\/FormatFactoryIMG-20191213-WA0000-300x225.jpg 300w, https:\/\/cppuente.educacion.navarra.es\/web\/wp-content\/uploads\/2019\/12\/FormatFactoryIMG-20191213-WA0000-768x576.jpg 768w\" sizes=\"(max-width: 1024px) 100vw, 1024px\" \/><\/a><\/figure><\/li><\/ul><\/figure>\n","protected":false},"excerpt":{"rendered":"<p>La semana pasada vino al cole la escritora Maribel Aiertza. Estuvo con el alumnado de 3\u00ba de educaci\u00f3n primaria del modelo D. Hablaron sobre el libro que hab\u00edan le\u00eddo \u201cMunstro bat edukiontzia\u201d y sobre c\u00f3mo se inventaba las historias, como se le ocurr\u00edan las ideas, cual es el proceso de escribir un libro etc. Al [&hellip;]<\/p>\n","protected":false},"author":830,"featured_media":6743,"comment_status":"closed","ping_status":"open","sticky":false,"template":"","format":"standard","meta":{"_genesis_hide_title":false,"_genesis_hide_breadcrumbs":false,"_genesis_hide_singular_image":false,"_genesis_hide_footer_widgets":false,"_genesis_custom_body_class":"","_genesis_custom_post_class":"","_genesis_layout":""},"categories":[60,130,1,144],"tags":[155,154,153],"featured_image_src":"https:\/\/cppuente.educacion.navarra.es\/web\/wp-content\/uploads\/2019\/12\/FormatFactoryIMG-20191213-WA0005.jpg","featured_image_src_square":"https:\/\/cppuente.educacion.navarra.es\/web\/wp-content\/uploads\/2019\/12\/FormatFactoryIMG-20191213-WA0005.jpg","author_info":{"display_name":"Paula Labiano Ibero","author_link":"https:\/\/cppuente.educacion.navarra.es\/web\/blog\/author\/paula_labiano-ibero\/"},"_links":{"self":[{"href":"https:\/\/cppuente.educacion.navarra.es\/web\/wp-json\/wp\/v2\/posts\/6732"}],"collection":[{"href":"https:\/\/cppuente.educacion.navarra.es\/web\/wp-json\/wp\/v2\/posts"}],"about":[{"href":"https:\/\/cppuente.educacion.navarra.es\/web\/wp-json\/wp\/v2\/types\/post"}],"author":[{"embeddable":true,"href":"https:\/\/cppuente.educacion.navarra.es\/web\/wp-json\/wp\/v2\/users\/830"}],"replies":[{"embeddable":true,"href":"https:\/\/cppuente.educacion.navarra.es\/web\/wp-json\/wp\/v2\/comments?post=6732"}],"version-history":[{"count":1,"href":"https:\/\/cppuente.educacion.navarra.es\/web\/wp-json\/wp\/v2\/posts\/6732\/revisions"}],"predecessor-version":[{"id":6745,"href":"https:\/\/cppuente.educacion.navarra.es\/web\/wp-json\/wp\/v2\/posts\/6732\/revisions\/6745"}],"wp:featuredmedia":[{"embeddable":true,"href":"https:\/\/cppuente.educacion.navarra.es\/web\/wp-json\/wp\/v2\/media\/6743"}],"wp:attachment":[{"href":"https:\/\/cppuente.educacion.navarra.es\/web\/wp-json\/wp\/v2\/media?parent=6732"}],"wp:term":[{"taxonomy":"category","embeddable":true,"href":"https:\/\/cppuente.educacion.navarra.es\/web\/wp-json\/wp\/v2\/categories?post=6732"},{"taxonomy":"post_tag","embeddable":true,"href":"https:\/\/cppuente.educacion.navarra.es\/web\/wp-json\/wp\/v2\/tags?post=6732"}],"curies":[{"name":"wp","href":"https:\/\/api.w.org\/{rel}","templated":true}]}}