{"id":9243,"date":"2022-06-16T13:26:54","date_gmt":"2022-06-16T11:26:54","guid":{"rendered":"https:\/\/cppuente.educacion.navarra.es\/web\/?p=9243"},"modified":"2022-06-16T13:26:56","modified_gmt":"2022-06-16T11:26:56","slug":"taller-de-layas","status":"publish","type":"post","link":"https:\/\/cppuente.educacion.navarra.es\/web\/blog\/2022\/06\/16\/taller-de-layas\/","title":{"rendered":"Taller de layas"},"content":{"rendered":"\n<p>El alumnado de modelo D de Educaci\u00f3n Primaria ha estado jugando con las layas durante esta semana. Han conocido la historia de las layas y han practicado en el porche del ayuntamiento. <\/p>\n\n\n\n<p>Muchas gracias otra vez a la Asociaci\u00f3n de Layas de Nafarroa.<\/p>\n\n\n\n<p>Pod\u00e9is ver las im\u00e1genes del taller en el siguiente enlace.<\/p>\n\n\n\n<div class=\"wp-container-1 wp-block-buttons\">\n<div class=\"wp-block-button\"><a class=\"wp-block-button__link\" href=\"https:\/\/drive.google.com\/drive\/folders\/19b7K0LTLDwFb5KWnlrdJgF9WjKRwP7Ma?usp=sharing\" target=\"_blank\" rel=\"noreferrer noopener\">Clica aqu\u00ed<\/a><\/div>\n<\/div>\n","protected":false},"excerpt":{"rendered":"<p>El alumnado de modelo D de Educaci\u00f3n Primaria ha estado jugando con las layas durante esta semana. Han conocido la historia de las layas y han practicado en el porche del ayuntamiento. Muchas gracias otra vez a la Asociaci\u00f3n de Layas de Nafarroa. Pod\u00e9is ver las im\u00e1genes del taller en el siguiente enlace.<\/p>\n","protected":false},"author":893,"featured_media":9244,"comment_status":"closed","ping_status":"open","sticky":false,"template":"","format":"standard","meta":{"_genesis_hide_title":false,"_genesis_hide_breadcrumbs":false,"_genesis_hide_singular_image":false,"_genesis_hide_footer_widgets":false,"_genesis_custom_body_class":"","_genesis_custom_post_class":"","_genesis_layout":""},"categories":[60,130,1],"tags":[409,417,214],"featured_image_src":"https:\/\/cppuente.educacion.navarra.es\/web\/wp-content\/uploads\/2022\/06\/IMG_20220615_133336-1-600x400.jpg","featured_image_src_square":"https:\/\/cppuente.educacion.navarra.es\/web\/wp-content\/uploads\/2022\/06\/IMG_20220615_133336-1-600x600.jpg","author_info":{"display_name":"luque","author_link":"https:\/\/cppuente.educacion.navarra.es\/web\/blog\/author\/luque\/"},"_links":{"self":[{"href":"https:\/\/cppuente.educacion.navarra.es\/web\/wp-json\/wp\/v2\/posts\/9243"}],"collection":[{"href":"https:\/\/cppuente.educacion.navarra.es\/web\/wp-json\/wp\/v2\/posts"}],"about":[{"href":"https:\/\/cppuente.educacion.navarra.es\/web\/wp-json\/wp\/v2\/types\/post"}],"author":[{"embeddable":true,"href":"https:\/\/cppuente.educacion.navarra.es\/web\/wp-json\/wp\/v2\/users\/893"}],"replies":[{"embeddable":true,"href":"https:\/\/cppuente.educacion.navarra.es\/web\/wp-json\/wp\/v2\/comments?post=9243"}],"version-history":[{"count":1,"href":"https:\/\/cppuente.educacion.navarra.es\/web\/wp-json\/wp\/v2\/posts\/9243\/revisions"}],"predecessor-version":[{"id":9246,"href":"https:\/\/cppuente.educacion.navarra.es\/web\/wp-json\/wp\/v2\/posts\/9243\/revisions\/9246"}],"wp:featuredmedia":[{"embeddable":true,"href":"https:\/\/cppuente.educacion.navarra.es\/web\/wp-json\/wp\/v2\/media\/9244"}],"wp:attachment":[{"href":"https:\/\/cppuente.educacion.navarra.es\/web\/wp-json\/wp\/v2\/media?parent=9243"}],"wp:term":[{"taxonomy":"category","embeddable":true,"href":"https:\/\/cppuente.educacion.navarra.es\/web\/wp-json\/wp\/v2\/categories?post=9243"},{"taxonomy":"post_tag","embeddable":true,"href":"https:\/\/cppuente.educacion.navarra.es\/web\/wp-json\/wp\/v2\/tags?post=9243"}],"curies":[{"name":"wp","href":"https:\/\/api.w.org\/{rel}","templated":true}]}}