{"id":9566,"date":"2023-02-06T10:54:48","date_gmt":"2023-02-06T09:54:48","guid":{"rendered":"https:\/\/cppuente.educacion.navarra.es\/web\/?p=9566"},"modified":"2023-02-06T10:54:49","modified_gmt":"2023-02-06T09:54:49","slug":"3o-ei-proyecto-de-puente-la-reina","status":"publish","type":"post","link":"https:\/\/cppuente.educacion.navarra.es\/web\/blog\/2023\/02\/06\/3o-ei-proyecto-de-puente-la-reina\/","title":{"rendered":"3\u00ba EI: Proyecto de Puente la Reina"},"content":{"rendered":"\n<p>Los de 3\u00ba de Educaci\u00f3n Infantil han realizado un proyecto sobre Puente la Reina. Pod\u00e9is ver el montaje de v\u00eddeo que han hecho con las fotos que han sacado durante el proyecto.<\/p>\n\n\n\n<div class=\"wp-block-genesis-blocks-gb-button gb-block-button\"><a href=\"https:\/\/drive.google.com\/drive\/folders\/1GoBgns7ziZQVKGSyMWfVOtEPTs_tkVQd\" class=\"gb-button gb-button-shape-rounded gb-button-size-medium\" style=\"color:#ffffff;background-color:#3373dc\">Haz clic para acceder al v\u00eddeo<\/a><\/div>\n","protected":false},"excerpt":{"rendered":"<p>Los de 3\u00ba de Educaci\u00f3n Infantil han realizado un proyecto sobre Puente la Reina. Pod\u00e9is ver el montaje de v\u00eddeo que han hecho con las fotos que han sacado durante el proyecto.<\/p>\n","protected":false},"author":902,"featured_media":9571,"comment_status":"closed","ping_status":"open","sticky":false,"template":"","format":"standard","meta":{"_genesis_hide_title":false,"_genesis_hide_breadcrumbs":false,"_genesis_hide_singular_image":false,"_genesis_hide_footer_widgets":false,"_genesis_custom_body_class":"","_genesis_custom_post_class":"","_genesis_layout":""},"categories":[1],"tags":[],"featured_image_src":"https:\/\/cppuente.educacion.navarra.es\/web\/wp-content\/uploads\/2023\/02\/image_6487327-600x400.jpg","featured_image_src_square":"https:\/\/cppuente.educacion.navarra.es\/web\/wp-content\/uploads\/2023\/02\/image_6487327-600x570.jpg","author_info":{"display_name":"webadmin","author_link":"https:\/\/cppuente.educacion.navarra.es\/web\/blog\/author\/webadmin\/"},"_links":{"self":[{"href":"https:\/\/cppuente.educacion.navarra.es\/web\/wp-json\/wp\/v2\/posts\/9566"}],"collection":[{"href":"https:\/\/cppuente.educacion.navarra.es\/web\/wp-json\/wp\/v2\/posts"}],"about":[{"href":"https:\/\/cppuente.educacion.navarra.es\/web\/wp-json\/wp\/v2\/types\/post"}],"author":[{"embeddable":true,"href":"https:\/\/cppuente.educacion.navarra.es\/web\/wp-json\/wp\/v2\/users\/902"}],"replies":[{"embeddable":true,"href":"https:\/\/cppuente.educacion.navarra.es\/web\/wp-json\/wp\/v2\/comments?post=9566"}],"version-history":[{"count":1,"href":"https:\/\/cppuente.educacion.navarra.es\/web\/wp-json\/wp\/v2\/posts\/9566\/revisions"}],"predecessor-version":[{"id":9567,"href":"https:\/\/cppuente.educacion.navarra.es\/web\/wp-json\/wp\/v2\/posts\/9566\/revisions\/9567"}],"wp:featuredmedia":[{"embeddable":true,"href":"https:\/\/cppuente.educacion.navarra.es\/web\/wp-json\/wp\/v2\/media\/9571"}],"wp:attachment":[{"href":"https:\/\/cppuente.educacion.navarra.es\/web\/wp-json\/wp\/v2\/media?parent=9566"}],"wp:term":[{"taxonomy":"category","embeddable":true,"href":"https:\/\/cppuente.educacion.navarra.es\/web\/wp-json\/wp\/v2\/categories?post=9566"},{"taxonomy":"post_tag","embeddable":true,"href":"https:\/\/cppuente.educacion.navarra.es\/web\/wp-json\/wp\/v2\/tags?post=9566"}],"curies":[{"name":"wp","href":"https:\/\/api.w.org\/{rel}","templated":true}]}}