{"id":9709,"date":"2023-03-02T11:48:01","date_gmt":"2023-03-02T10:48:01","guid":{"rendered":"https:\/\/cppuente.educacion.navarra.es\/web\/?p=9709"},"modified":"2023-03-02T11:48:03","modified_gmt":"2023-03-02T10:48:03","slug":"carnaval-rural-2023","status":"publish","type":"post","link":"https:\/\/cppuente.educacion.navarra.es\/web\/blog\/2023\/03\/02\/carnaval-rural-2023\/","title":{"rendered":"CARNAVAL RURAL 2023"},"content":{"rendered":"\n<p>Este curso ha tocado celebrar el carnaval rural, ten\u00e9is todas las fotos y v\u00eddeos disponibles en nuestra galer\u00eda fotogr\u00e1fica.<\/p>\n\n\n\n<div class=\"wp-block-genesis-blocks-gb-button gb-block-button\"><a href=\"https:\/\/drive.google.com\/drive\/folders\/1z--h8qe7r9v78sZpk9bsKZxOqhV19JvC\" class=\"gb-button gb-button-shape-rounded gb-button-size-medium\" style=\"color:#ffffff;background-color:#3373dc\">CLICA PARA ACCEDER A LA GALER\u00cdA FOTOGR\u00c1FICA CARNAVAL<\/a><\/div>\n\n\n\n<p><\/p>\n","protected":false},"excerpt":{"rendered":"<p>Este curso ha tocado celebrar el carnaval rural, ten\u00e9is todas las fotos y v\u00eddeos disponibles en nuestra galer\u00eda fotogr\u00e1fica.<\/p>\n","protected":false},"author":902,"featured_media":9711,"comment_status":"closed","ping_status":"open","sticky":false,"template":"","format":"standard","meta":{"_genesis_hide_title":false,"_genesis_hide_breadcrumbs":false,"_genesis_hide_singular_image":false,"_genesis_hide_footer_widgets":false,"_genesis_custom_body_class":"","_genesis_custom_post_class":"","_genesis_layout":""},"categories":[1],"tags":[],"featured_image_src":"https:\/\/cppuente.educacion.navarra.es\/web\/wp-content\/uploads\/2023\/03\/IMG_20230217_113534-1-600x400.jpg","featured_image_src_square":"https:\/\/cppuente.educacion.navarra.es\/web\/wp-content\/uploads\/2023\/03\/IMG_20230217_113534-1-600x600.jpg","author_info":{"display_name":"webadmin","author_link":"https:\/\/cppuente.educacion.navarra.es\/web\/blog\/author\/webadmin\/"},"_links":{"self":[{"href":"https:\/\/cppuente.educacion.navarra.es\/web\/wp-json\/wp\/v2\/posts\/9709"}],"collection":[{"href":"https:\/\/cppuente.educacion.navarra.es\/web\/wp-json\/wp\/v2\/posts"}],"about":[{"href":"https:\/\/cppuente.educacion.navarra.es\/web\/wp-json\/wp\/v2\/types\/post"}],"author":[{"embeddable":true,"href":"https:\/\/cppuente.educacion.navarra.es\/web\/wp-json\/wp\/v2\/users\/902"}],"replies":[{"embeddable":true,"href":"https:\/\/cppuente.educacion.navarra.es\/web\/wp-json\/wp\/v2\/comments?post=9709"}],"version-history":[{"count":1,"href":"https:\/\/cppuente.educacion.navarra.es\/web\/wp-json\/wp\/v2\/posts\/9709\/revisions"}],"predecessor-version":[{"id":9710,"href":"https:\/\/cppuente.educacion.navarra.es\/web\/wp-json\/wp\/v2\/posts\/9709\/revisions\/9710"}],"wp:featuredmedia":[{"embeddable":true,"href":"https:\/\/cppuente.educacion.navarra.es\/web\/wp-json\/wp\/v2\/media\/9711"}],"wp:attachment":[{"href":"https:\/\/cppuente.educacion.navarra.es\/web\/wp-json\/wp\/v2\/media?parent=9709"}],"wp:term":[{"taxonomy":"category","embeddable":true,"href":"https:\/\/cppuente.educacion.navarra.es\/web\/wp-json\/wp\/v2\/categories?post=9709"},{"taxonomy":"post_tag","embeddable":true,"href":"https:\/\/cppuente.educacion.navarra.es\/web\/wp-json\/wp\/v2\/tags?post=9709"}],"curies":[{"name":"wp","href":"https:\/\/api.w.org\/{rel}","templated":true}]}}