{"id":9742,"date":"2023-03-09T10:12:41","date_gmt":"2023-03-09T09:12:41","guid":{"rendered":"https:\/\/cppuente.educacion.navarra.es\/web\/?p=9742"},"modified":"2023-03-09T10:12:44","modified_gmt":"2023-03-09T09:12:44","slug":"proyecto-tejiendo-puentes-sostenibles","status":"publish","type":"post","link":"https:\/\/cppuente.educacion.navarra.es\/web\/blog\/2023\/03\/09\/proyecto-tejiendo-puentes-sostenibles\/","title":{"rendered":"PROYECTO \u00abTejiendo puentes sostenibles\u00bb"},"content":{"rendered":"\n<p>Esta semana todo el alumnado de 2\u00ba de Educaci\u00f3n Primaria ha salido al pueblo para ver si el pueblo est\u00e1 limpio o no. Para ello han contado con la colaboraci\u00f3n de Garbitu Gares y de la Mancomunidad de Valdizarbe. El alumnado ha encontrado varias zonas d\u00f3nde hab\u00eda basura acumulada y el inter\u00e9s por mantener limpio el pueblo hizo que empiecen a recoger los restos que hab\u00eda en el suelo.<\/p>\n\n\n\n<figure class=\"wp-block-gallery has-nested-images columns-default is-cropped\">\n<figure class=\"wp-block-image size-large\"><a href=\"https:\/\/cppuente.educacion.navarra.es\/web\/wp-content\/uploads\/2023\/03\/IMG-3543-1-scaled.jpg\"><img loading=\"lazy\" width=\"1024\" height=\"768\" data-id=\"9743\"  src=\"https:\/\/cppuente.educacion.navarra.es\/web\/wp-content\/uploads\/2023\/03\/IMG-3543-1-1024x768.jpg\" alt=\"\" class=\"wp-image-9743\" srcset=\"https:\/\/cppuente.educacion.navarra.es\/web\/wp-content\/uploads\/2023\/03\/IMG-3543-1-1024x768.jpg 1024w, https:\/\/cppuente.educacion.navarra.es\/web\/wp-content\/uploads\/2023\/03\/IMG-3543-1-300x225.jpg 300w, https:\/\/cppuente.educacion.navarra.es\/web\/wp-content\/uploads\/2023\/03\/IMG-3543-1-768x576.jpg 768w, https:\/\/cppuente.educacion.navarra.es\/web\/wp-content\/uploads\/2023\/03\/IMG-3543-1-1536x1152.jpg 1536w, https:\/\/cppuente.educacion.navarra.es\/web\/wp-content\/uploads\/2023\/03\/IMG-3543-1-2048x1536.jpg 2048w\" sizes=\"(max-width: 1024px) 100vw, 1024px\" \/><\/a><\/figure>\n\n\n\n<figure class=\"wp-block-image size-large\"><a href=\"https:\/\/cppuente.educacion.navarra.es\/web\/wp-content\/uploads\/2023\/03\/IMG-3546-1-scaled.jpg\"><img loading=\"lazy\" width=\"1024\" height=\"768\" data-id=\"9747\"  src=\"https:\/\/cppuente.educacion.navarra.es\/web\/wp-content\/uploads\/2023\/03\/IMG-3546-1-1024x768.jpg\" alt=\"\" class=\"wp-image-9747\" srcset=\"https:\/\/cppuente.educacion.navarra.es\/web\/wp-content\/uploads\/2023\/03\/IMG-3546-1-1024x768.jpg 1024w, https:\/\/cppuente.educacion.navarra.es\/web\/wp-content\/uploads\/2023\/03\/IMG-3546-1-300x225.jpg 300w, https:\/\/cppuente.educacion.navarra.es\/web\/wp-content\/uploads\/2023\/03\/IMG-3546-1-768x576.jpg 768w, https:\/\/cppuente.educacion.navarra.es\/web\/wp-content\/uploads\/2023\/03\/IMG-3546-1-1536x1152.jpg 1536w, https:\/\/cppuente.educacion.navarra.es\/web\/wp-content\/uploads\/2023\/03\/IMG-3546-1-2048x1536.jpg 2048w\" sizes=\"(max-width: 1024px) 100vw, 1024px\" \/><\/a><\/figure>\n\n\n\n<figure class=\"wp-block-image size-large\"><a href=\"https:\/\/cppuente.educacion.navarra.es\/web\/wp-content\/uploads\/2023\/03\/IMG-3545-1-scaled.jpg\"><img loading=\"lazy\" width=\"1024\" height=\"768\" data-id=\"9745\"  src=\"https:\/\/cppuente.educacion.navarra.es\/web\/wp-content\/uploads\/2023\/03\/IMG-3545-1-1024x768.jpg\" alt=\"\" class=\"wp-image-9745\" srcset=\"https:\/\/cppuente.educacion.navarra.es\/web\/wp-content\/uploads\/2023\/03\/IMG-3545-1-1024x768.jpg 1024w, https:\/\/cppuente.educacion.navarra.es\/web\/wp-content\/uploads\/2023\/03\/IMG-3545-1-300x225.jpg 300w, https:\/\/cppuente.educacion.navarra.es\/web\/wp-content\/uploads\/2023\/03\/IMG-3545-1-768x576.jpg 768w, https:\/\/cppuente.educacion.navarra.es\/web\/wp-content\/uploads\/2023\/03\/IMG-3545-1-1536x1152.jpg 1536w, https:\/\/cppuente.educacion.navarra.es\/web\/wp-content\/uploads\/2023\/03\/IMG-3545-1-2048x1536.jpg 2048w\" sizes=\"(max-width: 1024px) 100vw, 1024px\" \/><\/a><\/figure>\n<\/figure>\n\n\n\n<figure class=\"wp-block-image size-large\"><a href=\"https:\/\/cppuente.educacion.navarra.es\/web\/wp-content\/uploads\/2023\/03\/foto1-1.jpg\"><img loading=\"lazy\" width=\"1024\" height=\"577\" src=\"https:\/\/cppuente.educacion.navarra.es\/web\/wp-content\/uploads\/2023\/03\/foto1-1-1024x577.jpg\" alt=\"\" class=\"wp-image-9749\" srcset=\"https:\/\/cppuente.educacion.navarra.es\/web\/wp-content\/uploads\/2023\/03\/foto1-1-1024x577.jpg 1024w, https:\/\/cppuente.educacion.navarra.es\/web\/wp-content\/uploads\/2023\/03\/foto1-1-300x169.jpg 300w, https:\/\/cppuente.educacion.navarra.es\/web\/wp-content\/uploads\/2023\/03\/foto1-1-768x433.jpg 768w, https:\/\/cppuente.educacion.navarra.es\/web\/wp-content\/uploads\/2023\/03\/foto1-1-1536x866.jpg 1536w, https:\/\/cppuente.educacion.navarra.es\/web\/wp-content\/uploads\/2023\/03\/foto1-1.jpg 1580w\" sizes=\"(max-width: 1024px) 100vw, 1024px\" \/><\/a><\/figure>\n\n\n\n<figure class=\"wp-block-image size-large\"><a href=\"https:\/\/cppuente.educacion.navarra.es\/web\/wp-content\/uploads\/2023\/03\/foto2-1.jpg\"><img loading=\"lazy\" width=\"1024\" height=\"584\" src=\"https:\/\/cppuente.educacion.navarra.es\/web\/wp-content\/uploads\/2023\/03\/foto2-1-1024x584.jpg\" alt=\"\" class=\"wp-image-9751\" srcset=\"https:\/\/cppuente.educacion.navarra.es\/web\/wp-content\/uploads\/2023\/03\/foto2-1-1024x584.jpg 1024w, https:\/\/cppuente.educacion.navarra.es\/web\/wp-content\/uploads\/2023\/03\/foto2-1-300x171.jpg 300w, https:\/\/cppuente.educacion.navarra.es\/web\/wp-content\/uploads\/2023\/03\/foto2-1-768x438.jpg 768w, https:\/\/cppuente.educacion.navarra.es\/web\/wp-content\/uploads\/2023\/03\/foto2-1-1536x876.jpg 1536w, https:\/\/cppuente.educacion.navarra.es\/web\/wp-content\/uploads\/2023\/03\/foto2-1.jpg 1640w\" sizes=\"(max-width: 1024px) 100vw, 1024px\" \/><\/a><\/figure>\n\n\n\n<figure class=\"wp-block-image size-large\"><a href=\"https:\/\/cppuente.educacion.navarra.es\/web\/wp-content\/uploads\/2023\/03\/foto3-1.jpg\"><img loading=\"lazy\" width=\"1024\" height=\"568\" src=\"https:\/\/cppuente.educacion.navarra.es\/web\/wp-content\/uploads\/2023\/03\/foto3-1-1024x568.jpg\" alt=\"\" class=\"wp-image-9753\" srcset=\"https:\/\/cppuente.educacion.navarra.es\/web\/wp-content\/uploads\/2023\/03\/foto3-1-1024x568.jpg 1024w, https:\/\/cppuente.educacion.navarra.es\/web\/wp-content\/uploads\/2023\/03\/foto3-1-300x166.jpg 300w, https:\/\/cppuente.educacion.navarra.es\/web\/wp-content\/uploads\/2023\/03\/foto3-1-768x426.jpg 768w, https:\/\/cppuente.educacion.navarra.es\/web\/wp-content\/uploads\/2023\/03\/foto3-1-1536x851.jpg 1536w, https:\/\/cppuente.educacion.navarra.es\/web\/wp-content\/uploads\/2023\/03\/foto3-1.jpg 1725w\" sizes=\"(max-width: 1024px) 100vw, 1024px\" \/><\/a><\/figure>\n\n\n\n<figure class=\"wp-block-image size-large\"><a href=\"https:\/\/cppuente.educacion.navarra.es\/web\/wp-content\/uploads\/2023\/03\/foto4-1.jpg\"><img loading=\"lazy\" width=\"1024\" height=\"565\" src=\"https:\/\/cppuente.educacion.navarra.es\/web\/wp-content\/uploads\/2023\/03\/foto4-1-1024x565.jpg\" alt=\"\" class=\"wp-image-9755\" srcset=\"https:\/\/cppuente.educacion.navarra.es\/web\/wp-content\/uploads\/2023\/03\/foto4-1-1024x565.jpg 1024w, https:\/\/cppuente.educacion.navarra.es\/web\/wp-content\/uploads\/2023\/03\/foto4-1-300x165.jpg 300w, https:\/\/cppuente.educacion.navarra.es\/web\/wp-content\/uploads\/2023\/03\/foto4-1-768x423.jpg 768w, https:\/\/cppuente.educacion.navarra.es\/web\/wp-content\/uploads\/2023\/03\/foto4-1-1536x847.jpg 1536w, https:\/\/cppuente.educacion.navarra.es\/web\/wp-content\/uploads\/2023\/03\/foto4-1.jpg 1567w\" sizes=\"(max-width: 1024px) 100vw, 1024px\" \/><\/a><\/figure>\n\n\n\n<figure class=\"wp-block-image size-large\"><a href=\"https:\/\/cppuente.educacion.navarra.es\/web\/wp-content\/uploads\/2023\/03\/foto5-1.jpg\"><img loading=\"lazy\" width=\"1024\" height=\"679\" src=\"https:\/\/cppuente.educacion.navarra.es\/web\/wp-content\/uploads\/2023\/03\/foto5-1-1024x679.jpg\" alt=\"\" class=\"wp-image-9757\" srcset=\"https:\/\/cppuente.educacion.navarra.es\/web\/wp-content\/uploads\/2023\/03\/foto5-1-1024x679.jpg 1024w, https:\/\/cppuente.educacion.navarra.es\/web\/wp-content\/uploads\/2023\/03\/foto5-1-300x199.jpg 300w, https:\/\/cppuente.educacion.navarra.es\/web\/wp-content\/uploads\/2023\/03\/foto5-1-768x509.jpg 768w, https:\/\/cppuente.educacion.navarra.es\/web\/wp-content\/uploads\/2023\/03\/foto5-1.jpg 1450w\" sizes=\"(max-width: 1024px) 100vw, 1024px\" \/><\/a><\/figure>\n\n\n\n<figure class=\"wp-block-image size-large\"><a href=\"https:\/\/cppuente.educacion.navarra.es\/web\/wp-content\/uploads\/2023\/03\/foto6-1.jpg\"><img loading=\"lazy\" width=\"1024\" height=\"611\" src=\"https:\/\/cppuente.educacion.navarra.es\/web\/wp-content\/uploads\/2023\/03\/foto6-1-1024x611.jpg\" alt=\"\" class=\"wp-image-9759\" srcset=\"https:\/\/cppuente.educacion.navarra.es\/web\/wp-content\/uploads\/2023\/03\/foto6-1-1024x611.jpg 1024w, https:\/\/cppuente.educacion.navarra.es\/web\/wp-content\/uploads\/2023\/03\/foto6-1-300x179.jpg 300w, https:\/\/cppuente.educacion.navarra.es\/web\/wp-content\/uploads\/2023\/03\/foto6-1-768x458.jpg 768w, https:\/\/cppuente.educacion.navarra.es\/web\/wp-content\/uploads\/2023\/03\/foto6-1.jpg 1110w\" sizes=\"(max-width: 1024px) 100vw, 1024px\" \/><\/a><\/figure>\n\n\n\n<figure class=\"wp-block-image size-large\"><a href=\"https:\/\/cppuente.educacion.navarra.es\/web\/wp-content\/uploads\/2023\/03\/foto7-1.jpg\"><img loading=\"lazy\" width=\"1024\" height=\"466\" src=\"https:\/\/cppuente.educacion.navarra.es\/web\/wp-content\/uploads\/2023\/03\/foto7-1-1024x466.jpg\" alt=\"\" class=\"wp-image-9761\" srcset=\"https:\/\/cppuente.educacion.navarra.es\/web\/wp-content\/uploads\/2023\/03\/foto7-1-1024x466.jpg 1024w, https:\/\/cppuente.educacion.navarra.es\/web\/wp-content\/uploads\/2023\/03\/foto7-1-300x136.jpg 300w, https:\/\/cppuente.educacion.navarra.es\/web\/wp-content\/uploads\/2023\/03\/foto7-1-768x349.jpg 768w, https:\/\/cppuente.educacion.navarra.es\/web\/wp-content\/uploads\/2023\/03\/foto7-1.jpg 1416w\" sizes=\"(max-width: 1024px) 100vw, 1024px\" \/><\/a><\/figure>\n","protected":false},"excerpt":{"rendered":"<p>Esta semana todo el alumnado de 2\u00ba de Educaci\u00f3n Primaria ha salido al pueblo para ver si el pueblo est\u00e1 limpio o no. Para ello han contado con la colaboraci\u00f3n de Garbitu Gares y de la Mancomunidad de Valdizarbe. El alumnado ha encontrado varias zonas d\u00f3nde hab\u00eda basura acumulada y el inter\u00e9s por mantener limpio [&hellip;]<\/p>\n","protected":false},"author":902,"featured_media":9753,"comment_status":"closed","ping_status":"open","sticky":false,"template":"","format":"standard","meta":{"_genesis_hide_title":false,"_genesis_hide_breadcrumbs":false,"_genesis_hide_singular_image":false,"_genesis_hide_footer_widgets":false,"_genesis_custom_body_class":"","_genesis_custom_post_class":"","_genesis_layout":""},"categories":[1],"tags":[],"featured_image_src":"https:\/\/cppuente.educacion.navarra.es\/web\/wp-content\/uploads\/2023\/03\/foto3-1-600x400.jpg","featured_image_src_square":"https:\/\/cppuente.educacion.navarra.es\/web\/wp-content\/uploads\/2023\/03\/foto3-1-600x600.jpg","author_info":{"display_name":"webadmin","author_link":"https:\/\/cppuente.educacion.navarra.es\/web\/blog\/author\/webadmin\/"},"_links":{"self":[{"href":"https:\/\/cppuente.educacion.navarra.es\/web\/wp-json\/wp\/v2\/posts\/9742"}],"collection":[{"href":"https:\/\/cppuente.educacion.navarra.es\/web\/wp-json\/wp\/v2\/posts"}],"about":[{"href":"https:\/\/cppuente.educacion.navarra.es\/web\/wp-json\/wp\/v2\/types\/post"}],"author":[{"embeddable":true,"href":"https:\/\/cppuente.educacion.navarra.es\/web\/wp-json\/wp\/v2\/users\/902"}],"replies":[{"embeddable":true,"href":"https:\/\/cppuente.educacion.navarra.es\/web\/wp-json\/wp\/v2\/comments?post=9742"}],"version-history":[{"count":1,"href":"https:\/\/cppuente.educacion.navarra.es\/web\/wp-json\/wp\/v2\/posts\/9742\/revisions"}],"predecessor-version":[{"id":9763,"href":"https:\/\/cppuente.educacion.navarra.es\/web\/wp-json\/wp\/v2\/posts\/9742\/revisions\/9763"}],"wp:featuredmedia":[{"embeddable":true,"href":"https:\/\/cppuente.educacion.navarra.es\/web\/wp-json\/wp\/v2\/media\/9753"}],"wp:attachment":[{"href":"https:\/\/cppuente.educacion.navarra.es\/web\/wp-json\/wp\/v2\/media?parent=9742"}],"wp:term":[{"taxonomy":"category","embeddable":true,"href":"https:\/\/cppuente.educacion.navarra.es\/web\/wp-json\/wp\/v2\/categories?post=9742"},{"taxonomy":"post_tag","embeddable":true,"href":"https:\/\/cppuente.educacion.navarra.es\/web\/wp-json\/wp\/v2\/tags?post=9742"}],"curies":[{"name":"wp","href":"https:\/\/api.w.org\/{rel}","templated":true}]}}